{"id":27319,"date":"2023-04-27T21:03:29","date_gmt":"2023-04-28T01:03:29","guid":{"rendered":"http:\/\/ciudadtrujillo.com\/?p=27319"},"modified":"2023-04-27T21:03:31","modified_gmt":"2023-04-28T01:03:31","slug":"trujillo-gas-comunal-fortalecio-su-servicio-durante-jornadas-que-favorecieron-a-10-mil-680-familias","status":"publish","type":"post","link":"https:\/\/ciudadtrujillo.com\/?p=27319","title":{"rendered":"Trujillo Gas Comunal fortaleci\u00f3 su servicio durante jornadas que favorecieron a 10 mil 680 familias"},"content":{"rendered":"<p style=\"text-align: justify;\">El gobierno regional, liderado por el My. Gerardo M\u00e1rquez, a trav\u00e9s de la empresa Trujillo Gas Comunal ha fortalecido la atenci\u00f3n a las familias en materia de servicios p\u00fablicos, por lo que en la semana del 19 al 26 de abril fueron favorecidas un total 10 mil 680 familias con las jornadas de distribuci\u00f3n.<\/p>\n<p style=\"text-align: justify;\">La empresa, presidida por el Ing. Samuel Matheus, logr\u00f3 la distribuci\u00f3n de 20 mil 857 cilindros mediante los abordajes en las parroquias Bocon\u00f3 y Guaramacal (Bocon\u00f3), Bolivia (Candelaria), Santa Rita (Escuque), El Socorro (Jos\u00e9 Felipe M\u00e1rquez Ca\u00f1izales), Santa Apolonia (La Ceiba), Monte Carmelo y Buena Vista (Monte Carmelo), Pamp\u00e1n (Pamp\u00e1n), La Concepci\u00f3n (Pampanito), Los Cedros (Rafael Rangel), Carvajal (Carvajal), Valmore Rodr\u00edguez (Sucre), Tu\u00f1ame (Urdaneta) y Mercedes D\u00edaz (Valera).<\/p>\n<p style=\"text-align: justify;\">Cabe destacar que las jornadas se desarrollaron en uni\u00f3n perfecta con 112 Comit\u00e9s Locales de Abastecimiento y Producci\u00f3n (Clap).<\/p>\n<p style=\"text-align: justify;\">Asimismo, es importante resaltar que el equipo ha mantenido la atenci\u00f3n a las familias en Monte Carmelo, municipio afectado por las lluvias, cumpliendo as\u00ed con las pol\u00edticas de protecci\u00f3n social del Gobierno Bolivariano.<\/p>\n<p>&nbsp;<\/p>\n<p>&nbsp;<\/p>\n<h6>Yarlenis Albarr\u00e1n\/Gr\u00e1fica: Cortes\u00eda<\/h6>\n","protected":false},"excerpt":{"rendered":"<p>El gobierno regional, liderado por el My. Gerardo M\u00e1rquez, a trav\u00e9s de la empresa Trujillo Gas Comunal ha fortalecido la atenci\u00f3n a las familias en materia de servicios p\u00fablicos, por&hellip; <\/p>\n","protected":false},"author":1,"featured_media":27321,"comment_status":"closed","ping_status":"closed","sticky":false,"template":"","format":"standard","meta":{"footnotes":""},"categories":[40],"tags":[],"class_list":["post-27319","post","type-post","status-publish","format-standard","has-post-thumbnail","hentry","category-grantrujillo"],"_links":{"self":[{"href":"https:\/\/ciudadtrujillo.com\/index.php?rest_route=\/wp\/v2\/posts\/27319","targetHints":{"allow":["GET"]}}],"collection":[{"href":"https:\/\/ciudadtrujillo.com\/index.php?rest_route=\/wp\/v2\/posts"}],"about":[{"href":"https:\/\/ciudadtrujillo.com\/index.php?rest_route=\/wp\/v2\/types\/post"}],"author":[{"embeddable":true,"href":"https:\/\/ciudadtrujillo.com\/index.php?rest_route=\/wp\/v2\/users\/1"}],"replies":[{"embeddable":true,"href":"https:\/\/ciudadtrujillo.com\/index.php?rest_route=%2Fwp%2Fv2%2Fcomments&post=27319"}],"version-history":[{"count":1,"href":"https:\/\/ciudadtrujillo.com\/index.php?rest_route=\/wp\/v2\/posts\/27319\/revisions"}],"predecessor-version":[{"id":27322,"href":"https:\/\/ciudadtrujillo.com\/index.php?rest_route=\/wp\/v2\/posts\/27319\/revisions\/27322"}],"wp:featuredmedia":[{"embeddable":true,"href":"https:\/\/ciudadtrujillo.com\/index.php?rest_route=\/wp\/v2\/media\/27321"}],"wp:attachment":[{"href":"https:\/\/ciudadtrujillo.com\/index.php?rest_route=%2Fwp%2Fv2%2Fmedia&parent=27319"}],"wp:term":[{"taxonomy":"category","embeddable":true,"href":"https:\/\/ciudadtrujillo.com\/index.php?rest_route=%2Fwp%2Fv2%2Fcategories&post=27319"},{"taxonomy":"post_tag","embeddable":true,"href":"https:\/\/ciudadtrujillo.com\/index.php?rest_route=%2Fwp%2Fv2%2Ftags&post=27319"}],"curies":[{"name":"wp","href":"https:\/\/api.w.org\/{rel}","templated":true}]}}