{"id":27231,"date":"2023-04-25T20:43:43","date_gmt":"2023-04-26T00:43:43","guid":{"rendered":"http:\/\/ciudadtrujillo.com\/?p=27231"},"modified":"2023-04-25T23:02:22","modified_gmt":"2023-04-26T03:02:22","slug":"trabajadores-de-trujillo-gas-comunal-favorecidos-con-entrega-de-2-661-unidosis-de-medicamentos-en-jornada-social","status":"publish","type":"post","link":"https:\/\/ciudadtrujillo.com\/?p=27231","title":{"rendered":"Trabajadores de Trujillo Gas Comunal favorecidos con entrega de 2.661 unidosis de medicamentos en jornada social"},"content":{"rendered":"<p style=\"text-align: justify;\">Este martes, las instalaciones de la planta de llenado Fabricio Ojeda, en el municipio Motat\u00e1n, fueron el epicentro para el desarrollo de una jornada integral que favoreci\u00f3 a m\u00e1s de 150 trabajadores de la empresa Trujillo Gas Comunal, como parte de la gesti\u00f3n social que impulsa el gobernador My. Gerardo M\u00e1rquez, y en articulaci\u00f3n con la vicepresidencia de la clase obrera, a cargo de Daniel Carre\u00f1o, e instituciones como la Direcci\u00f3n de Desarrollo Social, INTT, Mppal, Somos Venezuela, el Sistema de Misiones y Grandes Misiones, entre otras.<\/p>\n<p style=\"text-align: justify;\">Durante la actividad fueron entregadas 2.661 unidosis de medicamentos a trav\u00e9s de Farmapatria y las Farmacias Comunitarias. Asimismo, las personas fueron atendidas con consultas m\u00e9dicas, ex\u00e1menes de laboratorio, valoraci\u00f3n nutricional, entre otros beneficios.<\/p>\n<p style=\"text-align: justify;\">Adem\u00e1s, los trabajadores recibieron combos de verduras y hortalizas gracias al apoyo de la Direcci\u00f3n General de Desarrollo Agroecol\u00f3gico.<\/p>\n<p style=\"text-align: justify;\">Es importante destacar que tambi\u00e9n fueron favorecidos los familiares de los trabajadores. En este sentido, la fuerza laboral agradeci\u00f3 al Presidente Nicol\u00e1s Maduro, al gobernador My. Gerardo M\u00e1rquez y el presidente de Trujillo Gas Comunal, Ing. Samuel Matheus, por el desarrollo de la jornada que permite garantizar el bienestar social y velar por la salud del equipo, que d\u00eda a d\u00eda se encarga de llevar el gas dom\u00e9stico a las familias trujillanas.<\/p>\n<h6 style=\"text-align: justify;\">Texto y gr\u00e1ficas: Yarlenis Albarr\u00e1n<\/h6>\n","protected":false},"excerpt":{"rendered":"<p>Este martes, las instalaciones de la planta de llenado Fabricio Ojeda, en el municipio Motat\u00e1n, fueron el epicentro para el desarrollo de una jornada integral que favoreci\u00f3 a m\u00e1s de&hellip; <\/p>\n","protected":false},"author":1,"featured_media":27232,"comment_status":"closed","ping_status":"closed","sticky":false,"template":"","format":"standard","meta":{"footnotes":""},"categories":[40],"tags":[],"class_list":["post-27231","post","type-post","status-publish","format-standard","has-post-thumbnail","hentry","category-grantrujillo"],"_links":{"self":[{"href":"https:\/\/ciudadtrujillo.com\/index.php?rest_route=\/wp\/v2\/posts\/27231","targetHints":{"allow":["GET"]}}],"collection":[{"href":"https:\/\/ciudadtrujillo.com\/index.php?rest_route=\/wp\/v2\/posts"}],"about":[{"href":"https:\/\/ciudadtrujillo.com\/index.php?rest_route=\/wp\/v2\/types\/post"}],"author":[{"embeddable":true,"href":"https:\/\/ciudadtrujillo.com\/index.php?rest_route=\/wp\/v2\/users\/1"}],"replies":[{"embeddable":true,"href":"https:\/\/ciudadtrujillo.com\/index.php?rest_route=%2Fwp%2Fv2%2Fcomments&post=27231"}],"version-history":[{"count":3,"href":"https:\/\/ciudadtrujillo.com\/index.php?rest_route=\/wp\/v2\/posts\/27231\/revisions"}],"predecessor-version":[{"id":27243,"href":"https:\/\/ciudadtrujillo.com\/index.php?rest_route=\/wp\/v2\/posts\/27231\/revisions\/27243"}],"wp:featuredmedia":[{"embeddable":true,"href":"https:\/\/ciudadtrujillo.com\/index.php?rest_route=\/wp\/v2\/media\/27232"}],"wp:attachment":[{"href":"https:\/\/ciudadtrujillo.com\/index.php?rest_route=%2Fwp%2Fv2%2Fmedia&parent=27231"}],"wp:term":[{"taxonomy":"category","embeddable":true,"href":"https:\/\/ciudadtrujillo.com\/index.php?rest_route=%2Fwp%2Fv2%2Fcategories&post=27231"},{"taxonomy":"post_tag","embeddable":true,"href":"https:\/\/ciudadtrujillo.com\/index.php?rest_route=%2Fwp%2Fv2%2Ftags&post=27231"}],"curies":[{"name":"wp","href":"https:\/\/api.w.org\/{rel}","templated":true}]}}