{"id":27222,"date":"2023-04-25T20:34:11","date_gmt":"2023-04-26T00:34:11","guid":{"rendered":"http:\/\/ciudadtrujillo.com\/?p=27222"},"modified":"2023-04-25T20:34:11","modified_gmt":"2023-04-26T00:34:11","slug":"ministro-nanez-colombia-sera-el-invitado-de-honor-en-la-filven-2023","status":"publish","type":"post","link":"https:\/\/ciudadtrujillo.com\/?p=27222","title":{"rendered":"Ministro \u00d1\u00e1\u00f1ez: Colombia ser\u00e1 el invitado de honor en la Filven 2023"},"content":{"rendered":"<p style=\"text-align: justify;\">El presidente de la Rep\u00fablica Bolivariana de Venezuela, Nicol\u00e1s Maduro, a trav\u00e9s de su programa Con Maduro+ en la secci\u00f3n Medios, Redes y Paredes, realiz\u00f3 un recorrido por las noticias nacionales e internacionales m\u00e1s relevantes, catalogando como un \u00e9xito, la participaci\u00f3n de Venezuela en la Feria del Libro de Bogot\u00e1 (Filbo) 2023, asimismo el vicepresidente Sectorial de Comunicaci\u00f3n, Cultura y Turismo, Freddy \u00d1\u00e1\u00f1ez, anunci\u00f3 que Colombia ser\u00e1 el invitado de honor para la Feria del Libro en Venezuela 2023, el pr\u00f3ximo mes de noviembre.<\/p>\n<p style=\"text-align: justify;\">Adem\u00e1s acot\u00f3 que la Filbo, \u201cfue un reencuentro, en todo el sentido de la palabra, primero porque desde hace mucho tiempo Venezuela no participaba en la Feria del Libro en Bogot\u00e1 y porque la oferta editorial venezolana, es muy rica y econ\u00f3mica, Cuba y Venezuela son los \u00fanicos pa\u00edses que tienen pol\u00edticas de subsidio para libros.<\/p>\n<p style=\"text-align: justify;\">Por su parte, el presidente de Venezuela, felicit\u00f3 a todos los literarios que est\u00e1n siendo reconocidos en el \u00e1mbito internacional, as\u00ed como Gustavo Pereira que fue premiado en Cuba y Rafael Cadenas que fue galardonado en Espa\u00f1a.<\/p>\n<p>&nbsp;<\/p>\n<p>&nbsp;<\/p>\n<h6>VTV\/Gr\u00e1ficas: Cortes\u00eda<\/h6>\n","protected":false},"excerpt":{"rendered":"<p>El presidente de la Rep\u00fablica Bolivariana de Venezuela, Nicol\u00e1s Maduro, a trav\u00e9s de su programa Con Maduro+ en la secci\u00f3n Medios, Redes y Paredes, realiz\u00f3 un recorrido por las noticias&hellip; <\/p>\n","protected":false},"author":1,"featured_media":27223,"comment_status":"closed","ping_status":"closed","sticky":false,"template":"","format":"standard","meta":{"footnotes":""},"categories":[46],"tags":[],"class_list":["post-27222","post","type-post","status-publish","format-standard","has-post-thumbnail","hentry","category-cultura"],"_links":{"self":[{"href":"https:\/\/ciudadtrujillo.com\/index.php?rest_route=\/wp\/v2\/posts\/27222","targetHints":{"allow":["GET"]}}],"collection":[{"href":"https:\/\/ciudadtrujillo.com\/index.php?rest_route=\/wp\/v2\/posts"}],"about":[{"href":"https:\/\/ciudadtrujillo.com\/index.php?rest_route=\/wp\/v2\/types\/post"}],"author":[{"embeddable":true,"href":"https:\/\/ciudadtrujillo.com\/index.php?rest_route=\/wp\/v2\/users\/1"}],"replies":[{"embeddable":true,"href":"https:\/\/ciudadtrujillo.com\/index.php?rest_route=%2Fwp%2Fv2%2Fcomments&post=27222"}],"version-history":[{"count":1,"href":"https:\/\/ciudadtrujillo.com\/index.php?rest_route=\/wp\/v2\/posts\/27222\/revisions"}],"predecessor-version":[{"id":27224,"href":"https:\/\/ciudadtrujillo.com\/index.php?rest_route=\/wp\/v2\/posts\/27222\/revisions\/27224"}],"wp:featuredmedia":[{"embeddable":true,"href":"https:\/\/ciudadtrujillo.com\/index.php?rest_route=\/wp\/v2\/media\/27223"}],"wp:attachment":[{"href":"https:\/\/ciudadtrujillo.com\/index.php?rest_route=%2Fwp%2Fv2%2Fmedia&parent=27222"}],"wp:term":[{"taxonomy":"category","embeddable":true,"href":"https:\/\/ciudadtrujillo.com\/index.php?rest_route=%2Fwp%2Fv2%2Fcategories&post=27222"},{"taxonomy":"post_tag","embeddable":true,"href":"https:\/\/ciudadtrujillo.com\/index.php?rest_route=%2Fwp%2Fv2%2Ftags&post=27222"}],"curies":[{"name":"wp","href":"https:\/\/api.w.org\/{rel}","templated":true}]}}