{"id":27208,"date":"2023-04-24T20:39:21","date_gmt":"2023-04-25T00:39:21","guid":{"rendered":"http:\/\/ciudadtrujillo.com\/?p=27208"},"modified":"2023-04-24T20:39:21","modified_gmt":"2023-04-25T00:39:21","slug":"trujillo-celebra-los-20-anos-de-compromiso-de-mercal-con-el-pueblo","status":"publish","type":"post","link":"https:\/\/ciudadtrujillo.com\/?p=27208","title":{"rendered":"Trujillo celebra los 20 a\u00f1os de compromiso de Mercal con el pueblo"},"content":{"rendered":"<p style=\"text-align: justify;\">Este lunes en el Foro Bolivariano del municipio Valera se realiz\u00f3 la celebraci\u00f3n del XX aniversario del Mercado de Alimentos (Mercal) con la presencia de los l\u00edderes de comunidad y las autoridades de los entes adscritos al Ministerio de Alimentaci\u00f3n en el territorio, quienes son los protagonistas de forjar esta misi\u00f3n en el estado Trujillo.<\/p>\n<p style=\"text-align: justify;\">Durante la celebraci\u00f3n, el gobernador My. Gerardo M\u00e1rquez mencion\u00f3 que parte de los logros es la distribuci\u00f3n de alimentos que pas\u00f3 a entregarse una bolsa Clap cada tres meses a ser dos veces por mes y que se proyecta aumentar la atenci\u00f3n con el principal objetivo de seguir favoreciendo a los trujillanos.<\/p>\n<p style=\"text-align: justify;\">En este sentido, la directora territorial del Ministerio del Poder Popular para la Alimentaci\u00f3n (Minppal), Yughatsi Colina, agreg\u00f3 que el rubro proteico ha sido otro de los logros, ya que se recib\u00edan \u00abescasamente 40 toneladas en a\u00f1os anteriores, ahora recibimos m\u00e1s de 200 toneladas para garantizar la atenci\u00f3n de los programas sociales de las bases de misiones y las ferias del campo soberano\u00bb.<\/p>\n<p style=\"text-align: justify;\">El presidente de Mercal, Luis Felipe P\u00e9rez, agreg\u00f3 que este aniversario es gracias al pueblo unido y al apoyo del gobernador de Trujillo, quien en su af\u00e1n de llevar el progreso en la entidad, la alimentaci\u00f3n ha sido prioridad entre sus objetivos.<\/p>\n<p>Adem\u00e1s, Colina enfatiz\u00f3 que junto con los Comit\u00e9s Locales de Abastecimiento y Producci\u00f3n (Clap), se dio un realce de la historia de la Misi\u00f3n Mercal, la cual inici\u00f3 el 22 de abril de 2003.<\/p>\n<p style=\"text-align: justify;\">\u00abEl comandante Hugo Ch\u00e1vez decidi\u00f3 orientar y encaminar la pol\u00edtica alimentaria a trav\u00e9s de Mercal. Hoy se ve reflejado ese trabajo, esa lucha de los trabajadores que hacen vida activa y se complementan con los entes adscritos al Ministerio de Alimentaci\u00f3n para seguir garantizando la atenci\u00f3n de nuestro pueblo\u00bb se\u00f1al\u00f3 Colinas.<\/p>\n<p style=\"text-align: justify;\">\n<p>&nbsp;<\/p>\n<p>&nbsp;<\/p>\n<h6>Rossiel Hurtado\/Gr\u00e1ficas: Fernando \u00abEl Ruso\u00bb Chuecos<\/h6>\n","protected":false},"excerpt":{"rendered":"<p>Este lunes en el Foro Bolivariano del municipio Valera se realiz\u00f3 la celebraci\u00f3n del XX aniversario del Mercado de Alimentos (Mercal) con la presencia de los l\u00edderes de comunidad y&hellip; <\/p>\n","protected":false},"author":1,"featured_media":27209,"comment_status":"closed","ping_status":"closed","sticky":false,"template":"","format":"standard","meta":{"footnotes":""},"categories":[52,40],"tags":[],"class_list":["post-27208","post","type-post","status-publish","format-standard","has-post-thumbnail","hentry","category-destacadas","category-grantrujillo"],"_links":{"self":[{"href":"https:\/\/ciudadtrujillo.com\/index.php?rest_route=\/wp\/v2\/posts\/27208","targetHints":{"allow":["GET"]}}],"collection":[{"href":"https:\/\/ciudadtrujillo.com\/index.php?rest_route=\/wp\/v2\/posts"}],"about":[{"href":"https:\/\/ciudadtrujillo.com\/index.php?rest_route=\/wp\/v2\/types\/post"}],"author":[{"embeddable":true,"href":"https:\/\/ciudadtrujillo.com\/index.php?rest_route=\/wp\/v2\/users\/1"}],"replies":[{"embeddable":true,"href":"https:\/\/ciudadtrujillo.com\/index.php?rest_route=%2Fwp%2Fv2%2Fcomments&post=27208"}],"version-history":[{"count":1,"href":"https:\/\/ciudadtrujillo.com\/index.php?rest_route=\/wp\/v2\/posts\/27208\/revisions"}],"predecessor-version":[{"id":27210,"href":"https:\/\/ciudadtrujillo.com\/index.php?rest_route=\/wp\/v2\/posts\/27208\/revisions\/27210"}],"wp:featuredmedia":[{"embeddable":true,"href":"https:\/\/ciudadtrujillo.com\/index.php?rest_route=\/wp\/v2\/media\/27209"}],"wp:attachment":[{"href":"https:\/\/ciudadtrujillo.com\/index.php?rest_route=%2Fwp%2Fv2%2Fmedia&parent=27208"}],"wp:term":[{"taxonomy":"category","embeddable":true,"href":"https:\/\/ciudadtrujillo.com\/index.php?rest_route=%2Fwp%2Fv2%2Fcategories&post=27208"},{"taxonomy":"post_tag","embeddable":true,"href":"https:\/\/ciudadtrujillo.com\/index.php?rest_route=%2Fwp%2Fv2%2Ftags&post=27208"}],"curies":[{"name":"wp","href":"https:\/\/api.w.org\/{rel}","templated":true}]}}