{"id":27205,"date":"2023-04-24T20:36:53","date_gmt":"2023-04-25T00:36:53","guid":{"rendered":"http:\/\/ciudadtrujillo.com\/?p=27205"},"modified":"2023-04-24T20:36:53","modified_gmt":"2023-04-25T00:36:53","slug":"gobierno-regional-atiende-con-jornadas-oftalmologicas-a-100-pacientes-de-monte-carmelo","status":"publish","type":"post","link":"https:\/\/ciudadtrujillo.com\/?p=27205","title":{"rendered":"Gobierno regional atiende con jornadas oftalmol\u00f3gicas a 100 pacientes de Monte Carmelo"},"content":{"rendered":"<p style=\"text-align: justify;\">Siguiendo instrucciones emanadas del Ministerio del Poder para la Salud, a cargo de la ministra Magaly Guti\u00e9rrez, del gobernador My. Gerardo M\u00e1rquez y la autoridad \u00fanica de Salud Yadira Pereira, el equipo profesional de m\u00e9dicos se mantiene activo en lo que corresponde a las jornadas quir\u00fargicas.<\/p>\n<p style=\"text-align: justify;\">As\u00ed lo inform\u00f3 Yenny Hern\u00e1ndez, directora de la Red Hospitalaria de Trujillo, quien desde el Hospital Universitario \u00abDr. Pedro Emilio Carrillo\u00bb de Valera agradeci\u00f3 el trabajo conjunto con los doctores Diego Troconis y Pablo Villasmil, quienes valoraron a 100 pacientes seleccionados a trav\u00e9s de pesquisas en el municipio Monte Carmelo.<\/p>\n<p style=\"text-align: justify;\">\u00abEs importante destacar que estos especialistas en el \u00e1rea oftalmol\u00f3gica pertenecen a la Fundaci\u00f3n Santa Luc\u00eda, instituci\u00f3n que est\u00e1 en la b\u00fasqueda de contribuir con las personas que tienen dificultades visuales y que en esta ocasi\u00f3n ofrecieron sus conocimientos y aportes desde la Unidad de Oftalmolog\u00eda del Hupec\u00bb, dijo.<\/p>\n<p style=\"text-align: justify;\">Agreg\u00f3 la Dra. Hern\u00e1ndez que \u00abestas personas fueron trasladadas al Hospital de Valera, donde fueron evaluados y posiblemente se comience el proceso de la resoluci\u00f3n quir\u00fargica de cataratas de los mismos, como parte de una segunda fase, lograda luego de conversaciones con algunos representantes del Ministerio del Poder Popular para la Salud para atender gran n\u00famero de personas censadas con cataratas en el estado, y una vez se resuelvan los pacientes de este municipio, se van a ir abordando otros municipios trujillanos\u00bb.<\/p>\n<h3 style=\"text-align: justify;\">Trujillo primer lugar en atenci\u00f3n<\/h3>\n<p style=\"text-align: justify;\">En d\u00edas pasados, en el estado Trujillo se llev\u00f3 a cabo una jornada quir\u00fargica muy exitosa \u00abraz\u00f3n por la cual agradezco a todo el personal m\u00e9dico, de enfermer\u00eda, camilleros y apoyo por la atenci\u00f3n de 1.950 pacientes resueltos quir\u00fargicamente, con lo que Trujillo se ubica en el primero de los estados en cuanto a respuestas quir\u00fargicas otorgadas en una jornada\u00bb.<\/p>\n<p style=\"text-align: justify;\">Adem\u00e1s en el estado Trujillo, agrega la directora, se est\u00e1 planteando un trabajo articulado con el gobernador y la autorizaci\u00f3n de la ministra, tambi\u00e9n de la presidenta de Fundasalud para la conformaci\u00f3n del equipo quir\u00fargico \u00abes decir, salimos de los hospitales grandes a municipalizar la salud y las cirug\u00edas con la puesta en pr\u00e1ctica de una nueva planificaci\u00f3n de salud\u00bb.<\/p>\n<p>&nbsp;<\/p>\n<p>&nbsp;<\/p>\n<h6>Prensa Regional Mpps \/ Carmen Alvi\u00e1rez \/ Ciudad Trujillo<\/h6>\n","protected":false},"excerpt":{"rendered":"<p>Siguiendo instrucciones emanadas del Ministerio del Poder para la Salud, a cargo de la ministra Magaly Guti\u00e9rrez, del gobernador My. Gerardo M\u00e1rquez y la autoridad \u00fanica de Salud Yadira Pereira,&hellip; <\/p>\n","protected":false},"author":1,"featured_media":27206,"comment_status":"closed","ping_status":"closed","sticky":false,"template":"","format":"standard","meta":{"footnotes":""},"categories":[52,40],"tags":[],"class_list":["post-27205","post","type-post","status-publish","format-standard","has-post-thumbnail","hentry","category-destacadas","category-grantrujillo"],"_links":{"self":[{"href":"https:\/\/ciudadtrujillo.com\/index.php?rest_route=\/wp\/v2\/posts\/27205","targetHints":{"allow":["GET"]}}],"collection":[{"href":"https:\/\/ciudadtrujillo.com\/index.php?rest_route=\/wp\/v2\/posts"}],"about":[{"href":"https:\/\/ciudadtrujillo.com\/index.php?rest_route=\/wp\/v2\/types\/post"}],"author":[{"embeddable":true,"href":"https:\/\/ciudadtrujillo.com\/index.php?rest_route=\/wp\/v2\/users\/1"}],"replies":[{"embeddable":true,"href":"https:\/\/ciudadtrujillo.com\/index.php?rest_route=%2Fwp%2Fv2%2Fcomments&post=27205"}],"version-history":[{"count":1,"href":"https:\/\/ciudadtrujillo.com\/index.php?rest_route=\/wp\/v2\/posts\/27205\/revisions"}],"predecessor-version":[{"id":27207,"href":"https:\/\/ciudadtrujillo.com\/index.php?rest_route=\/wp\/v2\/posts\/27205\/revisions\/27207"}],"wp:featuredmedia":[{"embeddable":true,"href":"https:\/\/ciudadtrujillo.com\/index.php?rest_route=\/wp\/v2\/media\/27206"}],"wp:attachment":[{"href":"https:\/\/ciudadtrujillo.com\/index.php?rest_route=%2Fwp%2Fv2%2Fmedia&parent=27205"}],"wp:term":[{"taxonomy":"category","embeddable":true,"href":"https:\/\/ciudadtrujillo.com\/index.php?rest_route=%2Fwp%2Fv2%2Fcategories&post=27205"},{"taxonomy":"post_tag","embeddable":true,"href":"https:\/\/ciudadtrujillo.com\/index.php?rest_route=%2Fwp%2Fv2%2Ftags&post=27205"}],"curies":[{"name":"wp","href":"https:\/\/api.w.org\/{rel}","templated":true}]}}