{"id":27167,"date":"2023-04-23T20:49:21","date_gmt":"2023-04-24T00:49:21","guid":{"rendered":"http:\/\/ciudadtrujillo.com\/?p=27167"},"modified":"2023-04-23T20:49:21","modified_gmt":"2023-04-24T00:49:21","slug":"escritor-venezolano-pedro-ruiz-encabezara-conversatorio-la-danza-como-patrimonio-de-los-pueblos","status":"publish","type":"post","link":"https:\/\/ciudadtrujillo.com\/?p=27167","title":{"rendered":"Escritor venezolano Pedro Ru\u00edz encabezar\u00e1 conversatorio \u201cLa Danza como patrimonio de los pueblos\u201d"},"content":{"rendered":"<p style=\"text-align: justify;\">El escritor y poeta Pedro Ruiz, dir\u00e1 presente en el conversatorio titulado \u201cLa danza como patrimonio de los pueblos \u201c, impulsado por el Centro Integral de las Artes de Valera (CIAV) del Instituto de la Cultura y las Artes del estado Trujillo (Incaet), a cargo de Edgar Barreto, enmarcado en el D\u00eda Internacional de la Danza.<\/p>\n<p style=\"text-align: justify;\">Esta actividad est\u00e1 pautada para el pr\u00f3ximo 28 de abril a partir de las 2:30 p.m, en la sede de la instituci\u00f3n y junto a \u00e9l, estar\u00e1n los cultores Andr\u00e9s justo y Raimundo Fern\u00e1ndez, versando sobre el \u201cVelorio de San Benito\u201d, \u201cVelorio del Ni\u00f1o Dios\u201d, \u201cFiestas de San Isidro Labrador\u201d, y otras manifestaciones religiosas y culturales asociadas a nuestra identidad.<\/p>\n<p style=\"text-align: justify;\">\u201cEl poeta Pedro Ruiz reconocido internacionalmente por su obra literaria, se dirigir\u00e1 a sus interlocutores de la forma m\u00e1s amena y sencilla, recordemos que el conservatorio estar\u00e1 dirigido a estudiantes de la Escuela de Danza y Ballet Gladys Mota\u201d, explic\u00f3 la profesora Autis Berrios, directora del CIAV.<\/p>\n<p style=\"text-align: justify;\"><strong>\u201cLa cultura es motor de cambio\u201d<\/strong><\/p>\n<p style=\"text-align: justify;\">\u201cDebemos enfocarnos siempre en la esencia de todo aquello que nos identifica y en lo que hacemos, pues el problema de la penetraci\u00f3n cultural es que la gente hab\u00eda llegado al punto de sentir verg\u00fcenza de todo lo que somos, a despreciar nuestra m\u00fasica, nuestra danza, nuestra artesan\u00eda, sustituy\u00e9ndolas por costumbres for\u00e1neas y de mal gusto\u201d, dijo.<\/p>\n<p style=\"text-align: justify;\">As\u00ed lo dijo Ru\u00edz en entrevista ofrecida cuando ejerc\u00eda como director regional de Cultura en el estado Trujillo, convencido \u201cde que en el pueblo y en su rica diversidad cultural est\u00e1n los soportes y las fuerzas capaces de transformar el entorno, entendiendo al pueblo como el motor de sus propios cambios\u201d.<\/p>\n<p style=\"text-align: justify;\">Ruiz fund\u00f3 el entonces \u201cSistema Regional de Danza\u201d, responsable de la formaci\u00f3n y dotaci\u00f3n de agrupaciones de danza de todo el estado Trujillo, bajo la idea de \u201cpreservar las manifestaciones de resistencia que han permanecido en cada uno de nuestros pueblos durante siglos\u201d.<\/p>\n<h3 style=\"text-align: justify;\">Trayectoria<\/h3>\n<p style=\"text-align: justify;\">Naci\u00f3 en Trujillo, Rep\u00fablica Bolivariana de Venezuela, en 1953. Es poeta, cronista y promotor cultural. Exdirector de Cultura del Gobierno Bolivariano de Trujillo, (2000-2008). Fund\u00f3 la Bienal Nacional de Literatura Ram\u00f3n Palomares y el Fondo Editorial Arturo Cardozo. Ha ejercido el periodismo cultural en diarios y revistas. Miembro directivo fundador de la Red Nacional de Escritores de Venezuela. Maestro Honorario de la Universidad Nacional Experimental de Las Artes (Unearte).<\/p>\n<p style=\"text-align: justify;\">Es autor de los libros de poes\u00eda: Con el r\u00edo a la espalda, 1985; Estaci\u00f3n posible, 1995; Campesinos. Antolog\u00eda po\u00e9tica, 2009; Ojo de agua, 2022, as\u00ed como de los libros de cr\u00f3nica: La memoria de Aragua, vol\u00famenes I y II (1990-1992); Palo Negro ayer y hoy. Cr\u00f3nicas de su vivir sencillo, 1992; La mano que talla. Artesan\u00eda y arte popular de Aragua, 2000; Otilio Gal\u00edndez, un poeta que canta la patria, 2006; Ram\u00f3n Palomares. Habitando el reino, 2007; Dos poetas cantan la patria: Ram\u00f3n Palomares y Otilio Gal\u00edndez, 2007; Tiempo y tinta. Una lectura de los saberes del pueblo venezolano, 2016.<\/p>\n<p style=\"text-align: justify;\">Integra la Antolog\u00eda Andina, sobre la joven poes\u00eda de Los Andes, Julio Miranda, Fundarte, 1988; y la Antolog\u00eda 70 poetas venezolanos en solidaridad con Palestina, Irak y L\u00edbano, coeditada por el MINCI y la Asamblea Nacional, 2006.<\/p>\n<p>&nbsp;<\/p>\n<p>&nbsp;<\/p>\n<h6>Prensa Incaet \/ Griselda Castellanos\/Gr\u00e1fica: cortes\u00eda<\/h6>\n","protected":false},"excerpt":{"rendered":"<p>El escritor y poeta Pedro Ruiz, dir\u00e1 presente en el conversatorio titulado \u201cLa danza como patrimonio de los pueblos \u201c, impulsado por el Centro Integral de las Artes de Valera&hellip; <\/p>\n","protected":false},"author":1,"featured_media":27168,"comment_status":"closed","ping_status":"closed","sticky":false,"template":"","format":"standard","meta":{"footnotes":""},"categories":[40],"tags":[],"class_list":["post-27167","post","type-post","status-publish","format-standard","has-post-thumbnail","hentry","category-grantrujillo"],"_links":{"self":[{"href":"https:\/\/ciudadtrujillo.com\/index.php?rest_route=\/wp\/v2\/posts\/27167","targetHints":{"allow":["GET"]}}],"collection":[{"href":"https:\/\/ciudadtrujillo.com\/index.php?rest_route=\/wp\/v2\/posts"}],"about":[{"href":"https:\/\/ciudadtrujillo.com\/index.php?rest_route=\/wp\/v2\/types\/post"}],"author":[{"embeddable":true,"href":"https:\/\/ciudadtrujillo.com\/index.php?rest_route=\/wp\/v2\/users\/1"}],"replies":[{"embeddable":true,"href":"https:\/\/ciudadtrujillo.com\/index.php?rest_route=%2Fwp%2Fv2%2Fcomments&post=27167"}],"version-history":[{"count":1,"href":"https:\/\/ciudadtrujillo.com\/index.php?rest_route=\/wp\/v2\/posts\/27167\/revisions"}],"predecessor-version":[{"id":27169,"href":"https:\/\/ciudadtrujillo.com\/index.php?rest_route=\/wp\/v2\/posts\/27167\/revisions\/27169"}],"wp:featuredmedia":[{"embeddable":true,"href":"https:\/\/ciudadtrujillo.com\/index.php?rest_route=\/wp\/v2\/media\/27168"}],"wp:attachment":[{"href":"https:\/\/ciudadtrujillo.com\/index.php?rest_route=%2Fwp%2Fv2%2Fmedia&parent=27167"}],"wp:term":[{"taxonomy":"category","embeddable":true,"href":"https:\/\/ciudadtrujillo.com\/index.php?rest_route=%2Fwp%2Fv2%2Fcategories&post=27167"},{"taxonomy":"post_tag","embeddable":true,"href":"https:\/\/ciudadtrujillo.com\/index.php?rest_route=%2Fwp%2Fv2%2Ftags&post=27167"}],"curies":[{"name":"wp","href":"https:\/\/api.w.org\/{rel}","templated":true}]}}