{"id":27164,"date":"2023-04-23T20:44:21","date_gmt":"2023-04-24T00:44:21","guid":{"rendered":"http:\/\/ciudadtrujillo.com\/?p=27164"},"modified":"2023-04-23T20:44:21","modified_gmt":"2023-04-24T00:44:21","slug":"instalado-congreso-virtual-del-movimiento-poetico-mundial-capitulo-america","status":"publish","type":"post","link":"https:\/\/ciudadtrujillo.com\/?p=27164","title":{"rendered":"Instalado Congreso Virtual del Movimiento Po\u00e9tico Mundial Cap\u00edtulo Am\u00e9rica"},"content":{"rendered":"<p style=\"text-align: justify;\">Instalan el Congreso Virtual del Movimiento Po\u00e9tico Mundial, Cap\u00edtulo Am\u00e9rica, de cara al congreso presencial que se llevar\u00e1 a cabo en julio de este a\u00f1o.<\/p>\n<p style=\"text-align: justify;\">El acto estuvo encabezado por los ministros para la Cultura, Ernesto Villegas, y de Comunicaci\u00f3n e Informaci\u00f3n, Freddy \u00d1\u00e1\u00f1ez.<\/p>\n<p style=\"text-align: justify;\">En declaraciones transmitidas por Venezolana de Televisi\u00f3n, Villegas manifest\u00f3 que la cultura y la poes\u00eda permitir\u00e1 hacerle frente a las dificultades que se est\u00e1n registrando a escala global, pero especialmente en la regi\u00f3n.<\/p>\n<p style=\"text-align: justify;\">\u201cEste congreso busca abrir espacios para la ternura, para esta \u00e1spera batalla cotidiana que los pueblos est\u00e1n dando, en medio dificultades de todo tipo, en medio de una batalla cultural, que supone la defensa de nuestras miradas, sobre el pasado, sobre el presente, y sobre el futuro\u201d, expres\u00f3 durante la jornada.<\/p>\n<p style=\"text-align: justify;\">En este sentido, recalc\u00f3 que en el mundo actual, se pretende \u201cmercantilizar las expresiones humanas\u201d.<\/p>\n<p style=\"text-align: justify;\">\u201cEste movimiento po\u00e9tico mundial est\u00e1 dando un testimonio de presencia y fidelidad a los m\u00e1s nobles principios y causas de la humanidad, en el mundo donde se pretende mercantilizar las expresiones humanas (\u2026) Somos una potencia cultural. Ac\u00e1 tenemos la virtud de poder caminar tantos kil\u00f3metros donde nos podemos entender en una misma lengua\u201d, en la misma sol\u201d, recalc\u00f3 el ministro.<\/p>\n<p style=\"text-align: justify;\">\u201cEn el caso de la poes\u00eda nos sentimos identificados con los que han dado un paso al frente por nuestra regi\u00f3n\u201d, a\u00f1adi\u00f3.<\/p>\n<p style=\"text-align: justify;\">A trav\u00e9s de su cuenta en la red social Twitter, Villegas se\u00f1al\u00f3 que por Venezuela participan en este congreso Ana Mar\u00eda Oviedo, coordinadora nacional, el ministro \u00d1\u00e1\u00f1ez, y los poetas Leonardo Ruiz, Xiomara Ben\u00edtez y Antonio Trujillo.<\/p>\n<p style=\"text-align: justify;\">\n<p>&nbsp;<\/p>\n<p>&nbsp;<\/p>\n<h6>\u00daltimas Noticias\/Gr\u00e1ficas: Cortes\u00eda<\/h6>\n","protected":false},"excerpt":{"rendered":"<p>Instalan el Congreso Virtual del Movimiento Po\u00e9tico Mundial, Cap\u00edtulo Am\u00e9rica, de cara al congreso presencial que se llevar\u00e1 a cabo en julio de este a\u00f1o. El acto estuvo encabezado por&hellip; <\/p>\n","protected":false},"author":1,"featured_media":27165,"comment_status":"closed","ping_status":"closed","sticky":false,"template":"","format":"standard","meta":{"footnotes":""},"categories":[46],"tags":[],"class_list":["post-27164","post","type-post","status-publish","format-standard","has-post-thumbnail","hentry","category-cultura"],"_links":{"self":[{"href":"https:\/\/ciudadtrujillo.com\/index.php?rest_route=\/wp\/v2\/posts\/27164","targetHints":{"allow":["GET"]}}],"collection":[{"href":"https:\/\/ciudadtrujillo.com\/index.php?rest_route=\/wp\/v2\/posts"}],"about":[{"href":"https:\/\/ciudadtrujillo.com\/index.php?rest_route=\/wp\/v2\/types\/post"}],"author":[{"embeddable":true,"href":"https:\/\/ciudadtrujillo.com\/index.php?rest_route=\/wp\/v2\/users\/1"}],"replies":[{"embeddable":true,"href":"https:\/\/ciudadtrujillo.com\/index.php?rest_route=%2Fwp%2Fv2%2Fcomments&post=27164"}],"version-history":[{"count":1,"href":"https:\/\/ciudadtrujillo.com\/index.php?rest_route=\/wp\/v2\/posts\/27164\/revisions"}],"predecessor-version":[{"id":27166,"href":"https:\/\/ciudadtrujillo.com\/index.php?rest_route=\/wp\/v2\/posts\/27164\/revisions\/27166"}],"wp:featuredmedia":[{"embeddable":true,"href":"https:\/\/ciudadtrujillo.com\/index.php?rest_route=\/wp\/v2\/media\/27165"}],"wp:attachment":[{"href":"https:\/\/ciudadtrujillo.com\/index.php?rest_route=%2Fwp%2Fv2%2Fmedia&parent=27164"}],"wp:term":[{"taxonomy":"category","embeddable":true,"href":"https:\/\/ciudadtrujillo.com\/index.php?rest_route=%2Fwp%2Fv2%2Fcategories&post=27164"},{"taxonomy":"post_tag","embeddable":true,"href":"https:\/\/ciudadtrujillo.com\/index.php?rest_route=%2Fwp%2Fv2%2Ftags&post=27164"}],"curies":[{"name":"wp","href":"https:\/\/api.w.org\/{rel}","templated":true}]}}