{"id":27149,"date":"2023-04-20T16:22:57","date_gmt":"2023-04-20T20:22:57","guid":{"rendered":"http:\/\/ciudadtrujillo.com\/?p=27149"},"modified":"2023-04-20T16:22:57","modified_gmt":"2023-04-20T20:22:57","slug":"clet-afina-detalles-para-el-primer-encuentro-pedagogico-geo-historico-del-estado","status":"publish","type":"post","link":"https:\/\/ciudadtrujillo.com\/?p=27149","title":{"rendered":"Clet afina detalles para el Primer Encuentro Pedag\u00f3gico Geo-Hist\u00f3rico del estado"},"content":{"rendered":"<p style=\"text-align: justify;\">Desde la \u00abCasa de los Tratados Bol\u00edvar y Sucre\u00bb ubicada en el municipio capital se desarroll\u00f3 con \u00e9xito un extraordinario encuentro de trabajo para la designaci\u00f3n de la Comisi\u00f3n T\u00e9cnica Preparatoria que se encargar\u00e1 de afinar detalles para realizar el \u00abPrimer Encuentro Pedag\u00f3gico Geo-Hist\u00f3rico del estado Trujillo\u00bb, el cual se llevar\u00e1 a cabo los d\u00edas 13 y 14 de junio en la entidad andina.<\/p>\n<p style=\"text-align: justify;\">Dicho evento estuvo liderado por el presidente del Consejo Legislativo de Trujillo, Carlos Iglesias, en compa\u00f1\u00eda de las y los legisladores revolucionarios, el profesor Edgar Barreto, autoridad \u00fanica de cultura del estado, as\u00ed como los historiadores Al\u00ed Medina Machado, Ubaldo Garc\u00eda y Diana Rengifo, representantes de la Zona Educativa, ITJ, equipos t\u00e9cnicos del Clet, cronistas y reconocidos precursores de la causa hist\u00f3rica trujillana.<\/p>\n<p style=\"text-align: justify;\">A prop\u00f3sito de ello, Iglesias destac\u00f3 que este encuentro es una iniciativa que nace de la mano del Gobierno Bolivariano de Trujillo, dirigido por el gobernador My. Gerardo M\u00e1rquez, con el objetivo de realzar el sentir hist\u00f3rico trujillano desde la dimensi\u00f3n pedag\u00f3gica, todo ello orientado a la creaci\u00f3n de un programa educativo s\u00f3lido que afiance los conocimientos sobre la historia regional en los ni\u00f1os y j\u00f3venes pertenecientes a las diferentes casas de estudio del estado.<\/p>\n<p style=\"text-align: justify;\">En ese contexto, detall\u00f3 que se tiene previsto realizar charlas, foros, ponencias y talleres referentes a la historia trujillana, cronograma que ser\u00e1 publicado de manera oportuna a trav\u00e9s de los canales oficiales del Parlamento Regional.<\/p>\n<p style=\"text-align: justify;\">Para finalizar, se inform\u00f3 que la comisi\u00f3n designada se abocar\u00e1 adem\u00e1s a la preparaci\u00f3n de la \u00abPrimera Caminata por el Paso de Bol\u00edvar\u00bb (desde La Concepci\u00f3n de Carache hasta Burbusay en el municipio Bocon\u00f3) actividad ideada para dar a conocer las rutas emprendidas en el estado por el Libertador en su causa libertaria, los detalles de este evento ser\u00e1n informados en los pr\u00f3ximos d\u00edas al pueblo trujillano.<\/p>\n<p>&nbsp;<\/p>\n<p>&nbsp;<\/p>\n<h6>Prensa Clet\/Gr\u00e1ficas: Cortes\u00eda<\/h6>\n","protected":false},"excerpt":{"rendered":"<p>Desde la \u00abCasa de los Tratados Bol\u00edvar y Sucre\u00bb ubicada en el municipio capital se desarroll\u00f3 con \u00e9xito un extraordinario encuentro de trabajo para la designaci\u00f3n de la Comisi\u00f3n T\u00e9cnica&hellip; <\/p>\n","protected":false},"author":1,"featured_media":27150,"comment_status":"closed","ping_status":"closed","sticky":false,"template":"","format":"standard","meta":{"footnotes":""},"categories":[40],"tags":[],"class_list":["post-27149","post","type-post","status-publish","format-standard","has-post-thumbnail","hentry","category-grantrujillo"],"_links":{"self":[{"href":"https:\/\/ciudadtrujillo.com\/index.php?rest_route=\/wp\/v2\/posts\/27149","targetHints":{"allow":["GET"]}}],"collection":[{"href":"https:\/\/ciudadtrujillo.com\/index.php?rest_route=\/wp\/v2\/posts"}],"about":[{"href":"https:\/\/ciudadtrujillo.com\/index.php?rest_route=\/wp\/v2\/types\/post"}],"author":[{"embeddable":true,"href":"https:\/\/ciudadtrujillo.com\/index.php?rest_route=\/wp\/v2\/users\/1"}],"replies":[{"embeddable":true,"href":"https:\/\/ciudadtrujillo.com\/index.php?rest_route=%2Fwp%2Fv2%2Fcomments&post=27149"}],"version-history":[{"count":1,"href":"https:\/\/ciudadtrujillo.com\/index.php?rest_route=\/wp\/v2\/posts\/27149\/revisions"}],"predecessor-version":[{"id":27151,"href":"https:\/\/ciudadtrujillo.com\/index.php?rest_route=\/wp\/v2\/posts\/27149\/revisions\/27151"}],"wp:featuredmedia":[{"embeddable":true,"href":"https:\/\/ciudadtrujillo.com\/index.php?rest_route=\/wp\/v2\/media\/27150"}],"wp:attachment":[{"href":"https:\/\/ciudadtrujillo.com\/index.php?rest_route=%2Fwp%2Fv2%2Fmedia&parent=27149"}],"wp:term":[{"taxonomy":"category","embeddable":true,"href":"https:\/\/ciudadtrujillo.com\/index.php?rest_route=%2Fwp%2Fv2%2Fcategories&post=27149"},{"taxonomy":"post_tag","embeddable":true,"href":"https:\/\/ciudadtrujillo.com\/index.php?rest_route=%2Fwp%2Fv2%2Ftags&post=27149"}],"curies":[{"name":"wp","href":"https:\/\/api.w.org\/{rel}","templated":true}]}}