{"id":27146,"date":"2023-04-20T16:19:26","date_gmt":"2023-04-20T20:19:26","guid":{"rendered":"http:\/\/ciudadtrujillo.com\/?p=27146"},"modified":"2023-04-20T16:19:26","modified_gmt":"2023-04-20T20:19:26","slug":"alcaldesa-maria-nunez-presento-balance-de-su-gestion-2022-al-pueblo-del-municipio-bolivar","status":"publish","type":"post","link":"https:\/\/ciudadtrujillo.com\/?p=27146","title":{"rendered":"Alcaldesa Mar\u00eda N\u00fa\u00f1ez present\u00f3 balance de su gesti\u00f3n 2022 al pueblo del municipio Bol\u00edvar"},"content":{"rendered":"<p style=\"text-align: justify;\">La Licenciada Mar\u00eda Auxiliadora N\u00fa\u00f1ez, alcaldesa socialista del municipio Bol\u00edvar, brind\u00f3 detalles de su gesti\u00f3n de trabajo durante el a\u00f1o 2022. De entrada, la burgomaestre destac\u00f3 que pese a las limitaciones y altas expectativas cernidas, se est\u00e1 haciendo lo mejor posible, de la mano con un solo gobierno, con el nacional a cargo del Presidente Nicol\u00e1s Maduro y el Mayor Gerardo M\u00e1rquez como primera autoridad en la regi\u00f3n, sumando un equipo de trabajo que es como una familia.<\/p>\n<p style=\"text-align: justify;\">\u00abPara hacer lo que estamos haciendo, se debe tener amor por el pueblo. Muestra de ello son las 18 jornadas sociales realizadas junto al poder popular y comunidades organizadas, donde le brindamos atenciones a las personas m\u00e1s vulnerables\u00bb, dijo.<\/p>\n<p style=\"text-align: justify;\">Resalt\u00f3 las 21 jornadas m\u00e9dicas emprendidas junto a Fundasalud, m\u00e1s los convenios hechos con Brasil y Cuba, desplegadas en sectores remotos. Tambi\u00e9n cit\u00f3 las ayudas t\u00e9cnicas, dotaciones de sillas de ruedas o bastones, las 187 visitas a casos sociales, donativos de medicamentos y 206 ayudas econ\u00f3micas aportadas. Agreg\u00f3 la dotaci\u00f3n de 22 urnas, el apoyo a 93 intervenciones quir\u00fargicas, el respaldo a los distintos centros asistenciales, entre otros hechos.<\/p>\n<p style=\"text-align: justify;\">La corregidora record\u00f3 los fuertes embates suscitados por las lluvias, sobre todo en la parroquia Chereg\u00fc\u00e9, adem\u00e1s de la creaci\u00f3n de la Sala Situacional del 1&#215;10 del Buen Gobierno, donde se atendieron 1941 personas, hubo 876 actualizaciones y escaneos, se gestionaron 216 RIF, adem\u00e1s de la plena atenci\u00f3n a los Consejos Comunales de la jurisdicci\u00f3n.<\/p>\n<p style=\"text-align: justify;\">Cit\u00f3 la reactivaci\u00f3n del Movimiento Somos Venezuela junto a Heidi Andrade, los apoyos a la Farmacia M\u00f3vil y los Puntos Patria, las jornadas de carnetizaci\u00f3n a personas con discapacidad, aunado al despliegue hecho junto al Gobernador M\u00e1rquez para cumplirle a las familias damnificadas.<\/p>\n<p style=\"text-align: justify;\">Habl\u00f3 sobre las evaluaciones hechas en r\u00edos y quebradas, las entregas de m\u00e1s de 78 mil bolsas Clap que abarcan a un 95 por ciento de familias bolivarenses y la atenci\u00f3n junto al Instituto Nacional de Nutrici\u00f3n para personas en estado de vulnerabilidad, cuyas captaciones de casos ser\u00e1n incrementadas, junto a la realizaci\u00f3n de las Ferias del Campo Soberano.<\/p>\n<p style=\"text-align: justify;\">Desaf\u00edos<\/p>\n<p style=\"text-align: justify;\">La alcaldesa N\u00fa\u00f1ez agreg\u00f3 lo complicado que se torn\u00f3 la distribuci\u00f3n del agua potable, m\u00e1s las mejor\u00edas del servicio del gas dom\u00e9stico, sin dejar de resaltar que recibi\u00f3 al municipio a oscuras, por lo que debi\u00f3 gestionar la entrega de 346 l\u00e1mparas LED y 1864 bombillos, abarcando al 80 por ciento de la demarcaci\u00f3n.<\/p>\n<p style=\"text-align: justify;\">\u00abJunto a la Ven App, el gobierno regional y Corpoelec se instalaron ocho transformadores. Hubo el Plan Pica y Poda junto al Concejo. Se apoy\u00f3 el caso de la torre el\u00e9ctrica ca\u00edda en el municipio Sucre\u00bb, record\u00f3.<\/p>\n<p style=\"text-align: justify;\">La primera autoridad expuso los trabajos en sistemas de aguas negras, las reparaciones de v\u00e1lvulas, adem\u00e1s de las limpiezas hechas en el Sistema Triestadal Torondoy, al igual que la recuperaci\u00f3n del sistema de rebombeo ubicado en El Carrizal, las recuperaciones del cisterna y de una camioneta, quedando pendiente el cami\u00f3n compactador de desechos s\u00f3lidos y el patrol. Este \u00faltimo ser\u00e1 utilizado en las v\u00edas agr\u00edcolas.<\/p>\n<p style=\"text-align: justify;\">Hizo lo propio en diversas instituciones educativas de la mano con las Bricomiles, m\u00e1s el hecho que se volvi\u00f3 a ser potencia deportiva con el rescate de numerosas canchas y el arduo trabajo del Instituto Aut\u00f3nomo Municipal de Deportes a cargo de Pabetson Chirinos y el Indet.<\/p>\n<p style=\"text-align: justify;\">Tambi\u00e9n cit\u00f3 el apoyo para la v\u00eda que conecta con Betijoque, los cambios de techos, el apoyo a la cultura y religi\u00f3n, el rescate de varias festividades y dem\u00e1s. \u00abDemostramos ser un gobierno de gesti\u00f3n y soluci\u00f3n. Soy la alcaldesa de todos y continuar\u00e9 dando respuestas al pueblo\u00bb, finaliz\u00f3, antes de hacer entrega de los respectivos informes.<\/p>\n<p style=\"text-align: justify;\">\n<p>&nbsp;<\/p>\n<p>&nbsp;<\/p>\n<h6>Juan Pazos CNP: 15.605\/Gr\u00e1ficas: cortes\u00eda<\/h6>\n","protected":false},"excerpt":{"rendered":"<p>La Licenciada Mar\u00eda Auxiliadora N\u00fa\u00f1ez, alcaldesa socialista del municipio Bol\u00edvar, brind\u00f3 detalles de su gesti\u00f3n de trabajo durante el a\u00f1o 2022. De entrada, la burgomaestre destac\u00f3 que pese a las&hellip; <\/p>\n","protected":false},"author":1,"featured_media":27147,"comment_status":"closed","ping_status":"closed","sticky":false,"template":"","format":"standard","meta":{"footnotes":""},"categories":[40],"tags":[],"class_list":["post-27146","post","type-post","status-publish","format-standard","has-post-thumbnail","hentry","category-grantrujillo"],"_links":{"self":[{"href":"https:\/\/ciudadtrujillo.com\/index.php?rest_route=\/wp\/v2\/posts\/27146","targetHints":{"allow":["GET"]}}],"collection":[{"href":"https:\/\/ciudadtrujillo.com\/index.php?rest_route=\/wp\/v2\/posts"}],"about":[{"href":"https:\/\/ciudadtrujillo.com\/index.php?rest_route=\/wp\/v2\/types\/post"}],"author":[{"embeddable":true,"href":"https:\/\/ciudadtrujillo.com\/index.php?rest_route=\/wp\/v2\/users\/1"}],"replies":[{"embeddable":true,"href":"https:\/\/ciudadtrujillo.com\/index.php?rest_route=%2Fwp%2Fv2%2Fcomments&post=27146"}],"version-history":[{"count":1,"href":"https:\/\/ciudadtrujillo.com\/index.php?rest_route=\/wp\/v2\/posts\/27146\/revisions"}],"predecessor-version":[{"id":27148,"href":"https:\/\/ciudadtrujillo.com\/index.php?rest_route=\/wp\/v2\/posts\/27146\/revisions\/27148"}],"wp:featuredmedia":[{"embeddable":true,"href":"https:\/\/ciudadtrujillo.com\/index.php?rest_route=\/wp\/v2\/media\/27147"}],"wp:attachment":[{"href":"https:\/\/ciudadtrujillo.com\/index.php?rest_route=%2Fwp%2Fv2%2Fmedia&parent=27146"}],"wp:term":[{"taxonomy":"category","embeddable":true,"href":"https:\/\/ciudadtrujillo.com\/index.php?rest_route=%2Fwp%2Fv2%2Fcategories&post=27146"},{"taxonomy":"post_tag","embeddable":true,"href":"https:\/\/ciudadtrujillo.com\/index.php?rest_route=%2Fwp%2Fv2%2Ftags&post=27146"}],"curies":[{"name":"wp","href":"https:\/\/api.w.org\/{rel}","templated":true}]}}