{"id":27143,"date":"2023-04-20T16:16:10","date_gmt":"2023-04-20T20:16:10","guid":{"rendered":"http:\/\/ciudadtrujillo.com\/?p=27143"},"modified":"2023-04-20T16:16:10","modified_gmt":"2023-04-20T20:16:10","slug":"atienden-con-jornada-social-a-mas-de-500-familias-del-sector-alameda-ribas-en-trujillo-capital","status":"publish","type":"post","link":"https:\/\/ciudadtrujillo.com\/?p=27143","title":{"rendered":"Atienden con jornada social a m\u00e1s de 500 familias del sector Alameda Ribas en Trujillo capital"},"content":{"rendered":"<p style=\"text-align: justify;\">La primera combatiente del municipio Trujillo y presidenta del Instituto Aut\u00f3nomo de la Mujer, Ana Luc\u00eda Valera de Ter\u00e1n, inform\u00f3 sobre la jornada m\u00e9dico-asistencial que se llev\u00f3 a cabo en el sector Alameda Ribas, la cual brind\u00f3 atenci\u00f3n social a m\u00e1s de 500 familias.<\/p>\n<p style=\"text-align: justify;\">La primera combatiente se\u00f1al\u00f3 que en esta jornada se cont\u00f3 con la participaci\u00f3n de la Direcci\u00f3n de Desarrollo Social de la alcald\u00eda, personal del Asic Trujillo, Movimiento Somos Venezuela, entre otras instituciones gubernamentales.<\/p>\n<p style=\"text-align: justify;\">En la actividad se ofreci\u00f3 colocaci\u00f3n de vacunas, control de glicemia y tensi\u00f3n arterial, control nutricional, desparasitaci\u00f3n, entrega de multivitam\u00ednicos, atenci\u00f3n psicol\u00f3gica, despistaje de diabetes, as\u00ed como el corte gratuito de cabello, escaneo y actualizaci\u00f3n del Carnet de la Patria para los bonos de protecci\u00f3n social, pintacaritas y abordajes casa a casa para la atenci\u00f3n de las personas encamadas.<\/p>\n<p style=\"text-align: justify;\">Valera de Ter\u00e1n agradeci\u00f3 al Presidente Nicol\u00e1s Maduro y al gobernador My. Gerardo M\u00e1rquez por el apoyo brindado para el desarrollo de estas jornadas que van orientadas al beneficio y el bienestar supremo del pueblo.<\/p>\n<p>&nbsp;<\/p>\n<p>&nbsp;<\/p>\n<h6>Prensa alcald\u00eda de Trujillo\/Gr\u00e1ficas: cortes\u00eda<\/h6>\n","protected":false},"excerpt":{"rendered":"<p>La primera combatiente del municipio Trujillo y presidenta del Instituto Aut\u00f3nomo de la Mujer, Ana Luc\u00eda Valera de Ter\u00e1n, inform\u00f3 sobre la jornada m\u00e9dico-asistencial que se llev\u00f3 a cabo en&hellip; <\/p>\n","protected":false},"author":1,"featured_media":27144,"comment_status":"closed","ping_status":"closed","sticky":false,"template":"","format":"standard","meta":{"footnotes":""},"categories":[40],"tags":[],"class_list":["post-27143","post","type-post","status-publish","format-standard","has-post-thumbnail","hentry","category-grantrujillo"],"_links":{"self":[{"href":"https:\/\/ciudadtrujillo.com\/index.php?rest_route=\/wp\/v2\/posts\/27143","targetHints":{"allow":["GET"]}}],"collection":[{"href":"https:\/\/ciudadtrujillo.com\/index.php?rest_route=\/wp\/v2\/posts"}],"about":[{"href":"https:\/\/ciudadtrujillo.com\/index.php?rest_route=\/wp\/v2\/types\/post"}],"author":[{"embeddable":true,"href":"https:\/\/ciudadtrujillo.com\/index.php?rest_route=\/wp\/v2\/users\/1"}],"replies":[{"embeddable":true,"href":"https:\/\/ciudadtrujillo.com\/index.php?rest_route=%2Fwp%2Fv2%2Fcomments&post=27143"}],"version-history":[{"count":1,"href":"https:\/\/ciudadtrujillo.com\/index.php?rest_route=\/wp\/v2\/posts\/27143\/revisions"}],"predecessor-version":[{"id":27145,"href":"https:\/\/ciudadtrujillo.com\/index.php?rest_route=\/wp\/v2\/posts\/27143\/revisions\/27145"}],"wp:featuredmedia":[{"embeddable":true,"href":"https:\/\/ciudadtrujillo.com\/index.php?rest_route=\/wp\/v2\/media\/27144"}],"wp:attachment":[{"href":"https:\/\/ciudadtrujillo.com\/index.php?rest_route=%2Fwp%2Fv2%2Fmedia&parent=27143"}],"wp:term":[{"taxonomy":"category","embeddable":true,"href":"https:\/\/ciudadtrujillo.com\/index.php?rest_route=%2Fwp%2Fv2%2Fcategories&post=27143"},{"taxonomy":"post_tag","embeddable":true,"href":"https:\/\/ciudadtrujillo.com\/index.php?rest_route=%2Fwp%2Fv2%2Ftags&post=27143"}],"curies":[{"name":"wp","href":"https:\/\/api.w.org\/{rel}","templated":true}]}}