{"id":27140,"date":"2023-04-20T16:14:02","date_gmt":"2023-04-20T20:14:02","guid":{"rendered":"http:\/\/ciudadtrujillo.com\/?p=27140"},"modified":"2023-04-20T16:14:02","modified_gmt":"2023-04-20T20:14:02","slug":"en-pampan-celebraron-los-370-anos-de-la-fundacion-eclesiastica-de-santa-ana","status":"publish","type":"post","link":"https:\/\/ciudadtrujillo.com\/?p=27140","title":{"rendered":"En Pamp\u00e1n celebraron los 370 a\u00f1os de la fundaci\u00f3n eclesi\u00e1stica de Santa Ana"},"content":{"rendered":"<p style=\"text-align: justify;\">Este 19 de abril el cuerpo edilicio del municipio Pamp\u00e1n celebr\u00f3 una sesi\u00f3n especial en la parroquia Santa Ana para conmemorar los 370 a\u00f1os de la fundaci\u00f3n eclesi\u00e1stica de esta poblaci\u00f3n.<\/p>\n<p style=\"text-align: justify;\">El acto protocolar dio inicio con la intervenci\u00f3n de la presidenta de la C\u00e1mara Municipal, Mery Barreto, qui\u00e9n expres\u00f3 sus palabras de salutaci\u00f3n y felicit\u00f3 al honorable pueblo de Santa Ana por conservar su esencia hist\u00f3rica, valores y principios.<\/p>\n<p style=\"text-align: justify;\">Seguidamente, el alcalde Manuel Pe\u00f1a tambi\u00e9n aplaudi\u00f3 al pueblo por organizar de manera conjunta un extenso programa de actividades que busca exaltar est\u00e1 jurisdicci\u00f3n y su gentilicio.<\/p>\n<p style=\"text-align: justify;\">Record\u00f3 los acontecimientos hist\u00f3ricos que han marcado a Santa Ana y la perfecta uni\u00f3n del pueblo que refleja el sentido de pertenencia de cada uno de sus habitantes.<\/p>\n<p style=\"text-align: justify;\">Para continuar el ciclo de intervenciones, el Orador de Orden, Pedro El\u00edas Gil, ofreci\u00f3 su discurso, donde mencion\u00f3 que fue en el a\u00f1o 1653, cuando se dio la autorizaci\u00f3n del Obispo fray Mauro de Tovar, para iniciar la construcci\u00f3n de la Iglesia de Santa Ana de Trujillo, colocando para ese momento la primera piedra como s\u00edmbolo de esa construcci\u00f3n.<\/p>\n<p style=\"text-align: justify;\">\u00abEstamos de j\u00fabilo conmemorativo y nos congregamos siendo copart\u00edcipes de la ocasi\u00f3n emotiva y original la cual pretende ante todo; destacar la importancia del acontecimiento y enaltecer la trascendencia de aquellos ciclos originarios, que han acreditado los perfiles y fundamentos sociol\u00f3gicos de la Santaneridad Trujillana\u00bb resalt\u00f3 el orador.<\/p>\n<p style=\"text-align: justify;\">Por su parte, el concejal de la parroquia, Alejandro Valera, manifest\u00f3 su orgullo por formar parte de la celebraci\u00f3n del trig\u00e9simo septuag\u00e9simo aniversario de esta poblaci\u00f3n.<\/p>\n<p style=\"text-align: justify;\">\u00abHemos tenido un impulso por parte de los historiadores, de nuestras instituciones desde las aulas de clase; desde ac\u00e1 seguiremos contribuyendo para que Santa Ana retome la municipalidad\u00bb, dijo Valera.<\/p>\n<p style=\"text-align: justify;\">Para finalizar, se hizo entrega de reconocimientos a distintas personalidades que desde sus espacios han contribuido en la construcci\u00f3n de valores, la cultura, la econom\u00eda y producci\u00f3n de esta jurisdicci\u00f3n.<\/p>\n<p>&nbsp;<\/p>\n<p>&nbsp;<\/p>\n<h6>Maryury Angulo \/ Prensa Concejo Municipal de Pamp\u00e1n\/GR\u00c1FICA: CORTES\u00cdA<\/h6>\n","protected":false},"excerpt":{"rendered":"<p>Este 19 de abril el cuerpo edilicio del municipio Pamp\u00e1n celebr\u00f3 una sesi\u00f3n especial en la parroquia Santa Ana para conmemorar los 370 a\u00f1os de la fundaci\u00f3n eclesi\u00e1stica de esta&hellip; <\/p>\n","protected":false},"author":1,"featured_media":27141,"comment_status":"closed","ping_status":"closed","sticky":false,"template":"","format":"standard","meta":{"footnotes":""},"categories":[40],"tags":[],"class_list":["post-27140","post","type-post","status-publish","format-standard","has-post-thumbnail","hentry","category-grantrujillo"],"_links":{"self":[{"href":"https:\/\/ciudadtrujillo.com\/index.php?rest_route=\/wp\/v2\/posts\/27140","targetHints":{"allow":["GET"]}}],"collection":[{"href":"https:\/\/ciudadtrujillo.com\/index.php?rest_route=\/wp\/v2\/posts"}],"about":[{"href":"https:\/\/ciudadtrujillo.com\/index.php?rest_route=\/wp\/v2\/types\/post"}],"author":[{"embeddable":true,"href":"https:\/\/ciudadtrujillo.com\/index.php?rest_route=\/wp\/v2\/users\/1"}],"replies":[{"embeddable":true,"href":"https:\/\/ciudadtrujillo.com\/index.php?rest_route=%2Fwp%2Fv2%2Fcomments&post=27140"}],"version-history":[{"count":1,"href":"https:\/\/ciudadtrujillo.com\/index.php?rest_route=\/wp\/v2\/posts\/27140\/revisions"}],"predecessor-version":[{"id":27142,"href":"https:\/\/ciudadtrujillo.com\/index.php?rest_route=\/wp\/v2\/posts\/27140\/revisions\/27142"}],"wp:featuredmedia":[{"embeddable":true,"href":"https:\/\/ciudadtrujillo.com\/index.php?rest_route=\/wp\/v2\/media\/27141"}],"wp:attachment":[{"href":"https:\/\/ciudadtrujillo.com\/index.php?rest_route=%2Fwp%2Fv2%2Fmedia&parent=27140"}],"wp:term":[{"taxonomy":"category","embeddable":true,"href":"https:\/\/ciudadtrujillo.com\/index.php?rest_route=%2Fwp%2Fv2%2Fcategories&post=27140"},{"taxonomy":"post_tag","embeddable":true,"href":"https:\/\/ciudadtrujillo.com\/index.php?rest_route=%2Fwp%2Fv2%2Ftags&post=27140"}],"curies":[{"name":"wp","href":"https:\/\/api.w.org\/{rel}","templated":true}]}}