{"id":26857,"date":"2023-04-11T21:49:02","date_gmt":"2023-04-12T01:49:02","guid":{"rendered":"http:\/\/ciudadtrujillo.com\/?p=26857"},"modified":"2023-04-11T21:49:02","modified_gmt":"2023-04-12T01:49:02","slug":"libro-abril-golpe-adentro-alcanza-seis-ediciones-desde-su-primera-publicacion","status":"publish","type":"post","link":"https:\/\/ciudadtrujillo.com\/?p=26857","title":{"rendered":"Libro \u201cAbril Golpe Adentro\u201d alcanza seis ediciones desde su primera publicaci\u00f3n"},"content":{"rendered":"<p style=\"text-align: justify;\">\u201cSeis ediciones lleva el libro \u201cAbril Golpe Adentro\u201d incluyendo una en Argentina y otra en idioma ingl\u00e9s\u201d. De esta forma lo dio a conocer el ministro para el Poder Popular, Ernesto Villegas, este martes, en su cuenta oficial de red social Twitter.<\/p>\n<p style=\"text-align: justify;\">Cabe destacar que Villegas present\u00f3 por primera vez este libro, en el Instituto Superior de Relaciones Internacionales \u201cRa\u00fal Roa Garc\u00eda\u201d, con motivo de la Feria Internacional de la Habana 2022, en Cuba.<\/p>\n<p style=\"text-align: justify;\">En esa actividad, se\u00f1al\u00f3 que Abril, Golpe Adentro, relata el golpe de Estado del 11 de abril de 2002 perpetrado por la derecha venezolana y dirigido y financiado desde el exterior\u201d.<\/p>\n<p style=\"text-align: justify;\">La obra reconstruye en detalle los antecedentes e interioridades de la conspiraci\u00f3n medi\u00e1tica-militar, que derroc\u00f3 por 47 horas al presidente Hugo Ch\u00e1vez. En sus p\u00e1ginas se explican detalles de c\u00f3mo llegaron en un breve gobierno de facto, los empresarios, pol\u00edticos y militares, que fueron posteriormente rechazados y expulsados por la uni\u00f3n c\u00edvico-militar revolucionaria, en un hecho in\u00e9dito, \u00e9pico e hist\u00f3rico de la historia pol\u00edtica nacional y mundial.<\/p>\n<p style=\"text-align: justify;\">A continuaci\u00f3n los enlaces para su descarga libre en castellano <a href=\"http:\/\/bit.ly\/3KkyTdP\">http:\/\/bit.ly\/3KkyTdP<\/a> y en ingl\u00e9s <a href=\"https:\/\/albaciudad.org\/wp-content\/uploads\/2020\/11\/April-inside-the-coup.pdf\">https:\/\/albaciudad.org\/wp-content\/uploads\/2020\/11\/April-inside-the-coup.pdf<\/a><\/p>\n<p style=\"text-align: justify;\">\n<p>&nbsp;<\/p>\n<p>&nbsp;<\/p>\n<h6>VTV\/Gr\u00e1fica: Cortes\u00eda<\/h6>\n","protected":false},"excerpt":{"rendered":"<p>\u201cSeis ediciones lleva el libro \u201cAbril Golpe Adentro\u201d incluyendo una en Argentina y otra en idioma ingl\u00e9s\u201d. De esta forma lo dio a conocer el ministro para el Poder Popular,&hellip; <\/p>\n","protected":false},"author":1,"featured_media":26858,"comment_status":"closed","ping_status":"closed","sticky":false,"template":"","format":"standard","meta":{"footnotes":""},"categories":[46],"tags":[],"class_list":["post-26857","post","type-post","status-publish","format-standard","has-post-thumbnail","hentry","category-cultura"],"_links":{"self":[{"href":"https:\/\/ciudadtrujillo.com\/index.php?rest_route=\/wp\/v2\/posts\/26857","targetHints":{"allow":["GET"]}}],"collection":[{"href":"https:\/\/ciudadtrujillo.com\/index.php?rest_route=\/wp\/v2\/posts"}],"about":[{"href":"https:\/\/ciudadtrujillo.com\/index.php?rest_route=\/wp\/v2\/types\/post"}],"author":[{"embeddable":true,"href":"https:\/\/ciudadtrujillo.com\/index.php?rest_route=\/wp\/v2\/users\/1"}],"replies":[{"embeddable":true,"href":"https:\/\/ciudadtrujillo.com\/index.php?rest_route=%2Fwp%2Fv2%2Fcomments&post=26857"}],"version-history":[{"count":1,"href":"https:\/\/ciudadtrujillo.com\/index.php?rest_route=\/wp\/v2\/posts\/26857\/revisions"}],"predecessor-version":[{"id":26859,"href":"https:\/\/ciudadtrujillo.com\/index.php?rest_route=\/wp\/v2\/posts\/26857\/revisions\/26859"}],"wp:featuredmedia":[{"embeddable":true,"href":"https:\/\/ciudadtrujillo.com\/index.php?rest_route=\/wp\/v2\/media\/26858"}],"wp:attachment":[{"href":"https:\/\/ciudadtrujillo.com\/index.php?rest_route=%2Fwp%2Fv2%2Fmedia&parent=26857"}],"wp:term":[{"taxonomy":"category","embeddable":true,"href":"https:\/\/ciudadtrujillo.com\/index.php?rest_route=%2Fwp%2Fv2%2Fcategories&post=26857"},{"taxonomy":"post_tag","embeddable":true,"href":"https:\/\/ciudadtrujillo.com\/index.php?rest_route=%2Fwp%2Fv2%2Ftags&post=26857"}],"curies":[{"name":"wp","href":"https:\/\/api.w.org\/{rel}","templated":true}]}}