{"id":26809,"date":"2023-04-10T21:19:20","date_gmt":"2023-04-11T01:19:20","guid":{"rendered":"http:\/\/ciudadtrujillo.com\/?p=26809"},"modified":"2023-04-10T21:19:20","modified_gmt":"2023-04-11T01:19:20","slug":"abren-convocatoria-para-festival-de-teatro-progresista-venezuela-2023","status":"publish","type":"post","link":"https:\/\/ciudadtrujillo.com\/?p=26809","title":{"rendered":"Abren convocatoria para Festival de Teatro Progresista Venezuela 2023"},"content":{"rendered":"<p style=\"text-align: justify;\">Los interesados en participar en el II Festival Internacional de Teatro Progresista Venezuela 2023, que se realizar\u00e1 del 8 al 18 de junio, pueden inscribir el proyecto a trav\u00e9s del portal digital http:\/\/fesitpven.com.ve.<\/p>\n<p style=\"text-align: justify;\">La informaci\u00f3n la dio a conocer el ministro para la Cultura, Ernesto Villegas, quien a trav\u00e9s de su cuenta en la red social Twitter invit\u00f3 a todos los interesados.<\/p>\n<p style=\"text-align: justify;\">Al respecto, Villegas recalc\u00f3 que los interesados tienen hasta el 27 de abril para presentar su proyecto.<\/p>\n<p style=\"text-align: justify;\">\u201c\u00bfTienes un proyecto teatral para postular al 2do Festival Internacional de Teatro Progresista Venezuela 2023? Inscr\u00edbelo en http:\/\/fesitpven.com.ve. Tienes chance hasta el 27ABRIL\u201d, public\u00f3 Villegas.<\/p>\n<p style=\"text-align: justify;\">\u201cSi tienes una agrupaci\u00f3n teatral en Venezuela y quieres participar en la II edici\u00f3n del Festival Internacional de Teatro Progresista ya est\u00e1 abierta la convocatoria. Ingresa a nuestra p\u00e1gina web y postula tu obra hasta el 27 de abril. \u00a1Que sea humana la humanidad!\u201d, indic\u00f3 la actriz de la Compa\u00f1\u00eda Nacional de Teatro, Ariana Le\u00f3n, en el audiovisual publicado en el mensaje en Twitter.<\/p>\n<h3 style=\"text-align: justify;\">II Festival Internacional de Teatro Progresista<\/h3>\n<p style=\"text-align: justify;\">La segunda edici\u00f3n del Festival de Teatro Progresista ser\u00e1 del 8 al 18 de junio, y se realizar\u00e1 bajo el lema \u201cQue sea humana la humanidad\u201d.<\/p>\n<p style=\"text-align: justify;\">En esta segunda edici\u00f3n, M\u00e9xico es el pa\u00eds homenajeado. El Festival contar\u00e1 con la participaci\u00f3n de pa\u00edses como: Colombia, Brasil, Argentina, Bolivia, Cuba, Italia, Portugal, Per\u00fa, Ecuador, Espa\u00f1a, Chile, Uruguay, Rusia, El Congo y Venezuela como pa\u00eds anfitri\u00f3n.<\/p>\n<p style=\"text-align: justify;\">Esta fiesta teatral contar\u00e1 con 20 espect\u00e1culos internacionales y 32 nacionales, que se presentar\u00e1n en Caracas. De igual modo, 12 espect\u00e1culos internacionales y 20 nacionales har\u00e1n gira por los dem\u00e1s estados del pa\u00eds.<\/p>\n<p style=\"text-align: justify;\">El festival busca promover la reflexi\u00f3n sobre temas sociales, pol\u00edticos y culturales, y que fomenten la inclusi\u00f3n y la diversidad.<\/p>\n<p style=\"text-align: justify;\">Cabe recordar que para postular un proyecto, los interesados deben inscribirse en la p\u00e1gina web del festival http:\/\/fesitpven.com.ve antes del 27 de abril.<\/p>\n<p style=\"text-align: justify;\">\n<p>&nbsp;<\/p>\n<h6>\u00daltimas Noticias\/Gr\u00e1ficas: Cortes\u00eda<\/h6>\n","protected":false},"excerpt":{"rendered":"<p>Los interesados en participar en el II Festival Internacional de Teatro Progresista Venezuela 2023, que se realizar\u00e1 del 8 al 18 de junio, pueden inscribir el proyecto a trav\u00e9s del&hellip; <\/p>\n","protected":false},"author":1,"featured_media":26810,"comment_status":"closed","ping_status":"closed","sticky":false,"template":"","format":"standard","meta":{"footnotes":""},"categories":[46],"tags":[],"class_list":["post-26809","post","type-post","status-publish","format-standard","has-post-thumbnail","hentry","category-cultura"],"_links":{"self":[{"href":"https:\/\/ciudadtrujillo.com\/index.php?rest_route=\/wp\/v2\/posts\/26809","targetHints":{"allow":["GET"]}}],"collection":[{"href":"https:\/\/ciudadtrujillo.com\/index.php?rest_route=\/wp\/v2\/posts"}],"about":[{"href":"https:\/\/ciudadtrujillo.com\/index.php?rest_route=\/wp\/v2\/types\/post"}],"author":[{"embeddable":true,"href":"https:\/\/ciudadtrujillo.com\/index.php?rest_route=\/wp\/v2\/users\/1"}],"replies":[{"embeddable":true,"href":"https:\/\/ciudadtrujillo.com\/index.php?rest_route=%2Fwp%2Fv2%2Fcomments&post=26809"}],"version-history":[{"count":1,"href":"https:\/\/ciudadtrujillo.com\/index.php?rest_route=\/wp\/v2\/posts\/26809\/revisions"}],"predecessor-version":[{"id":26811,"href":"https:\/\/ciudadtrujillo.com\/index.php?rest_route=\/wp\/v2\/posts\/26809\/revisions\/26811"}],"wp:featuredmedia":[{"embeddable":true,"href":"https:\/\/ciudadtrujillo.com\/index.php?rest_route=\/wp\/v2\/media\/26810"}],"wp:attachment":[{"href":"https:\/\/ciudadtrujillo.com\/index.php?rest_route=%2Fwp%2Fv2%2Fmedia&parent=26809"}],"wp:term":[{"taxonomy":"category","embeddable":true,"href":"https:\/\/ciudadtrujillo.com\/index.php?rest_route=%2Fwp%2Fv2%2Fcategories&post=26809"},{"taxonomy":"post_tag","embeddable":true,"href":"https:\/\/ciudadtrujillo.com\/index.php?rest_route=%2Fwp%2Fv2%2Ftags&post=26809"}],"curies":[{"name":"wp","href":"https:\/\/api.w.org\/{rel}","templated":true}]}}