{"id":26806,"date":"2023-04-10T21:03:48","date_gmt":"2023-04-11T01:03:48","guid":{"rendered":"http:\/\/ciudadtrujillo.com\/?p=26806"},"modified":"2023-04-10T21:03:48","modified_gmt":"2023-04-11T01:03:48","slug":"rusia-refuerza-sistemas-de-defensa-antiaerea-en-fronteras","status":"publish","type":"post","link":"https:\/\/ciudadtrujillo.com\/?p=26806","title":{"rendered":"Rusia refuerza sistemas de defensa antia\u00e9rea en fronteras"},"content":{"rendered":"<p style=\"text-align: justify;\">El subcomandante de la Fuerza Aeroespacial de Rusia, Andr\u00e9i Demin, asegur\u00f3 este lunes que su pa\u00eds increment\u00f3, considerablemente, el n\u00famero de sistemas de defensa antia\u00e9rea junto a sus fronteras con Ucrania, en las zonas cercanas a los enfrentamientos entre el Ej\u00e9rcito ruso y el ucraniano.<\/p>\n<p style=\"text-align: justify;\">\u00abEn las zonas cercanas a la operaci\u00f3n militar especial se duplic\u00f3 el n\u00famero de unidades equipadas con sistemas de misiles antia\u00e9reos de medio y largo alcance (S-400, S-300PM2 y S-350) y se multiplic\u00f3 por cinco el n\u00famero de sistemas de artiller\u00eda antia\u00e9rea Pantsir-S\u00bb, asever\u00f3 Demin.<\/p>\n<p style=\"text-align: justify;\">En declaraciones a un peri\u00f3dico perteneciente al Ministerio ruso de Defensa, el subcomandante precis\u00f3 que, en la frontera occidental rusa, tambi\u00e9n se toman medidas luego del ingreso de Finlandia, y la posible entrada de Suecia, a la Organizaci\u00f3n del Tratado del Atl\u00e1ntico Norte (OTAN).<\/p>\n<p style=\"text-align: justify;\">\u00abLas fuerzas de defensa antia\u00e9rea estudian medidas para defender la frontera estatal en el noroeste del pa\u00eds en correspondencia con el creciente incremento de las amenazas\u00bb, explic\u00f3.<\/p>\n<p style=\"text-align: justify;\">Asimismo, Andr\u00e9i Demin, defendi\u00f3 la idea de reformar las fuerzas de defensa antia\u00e9rea; aunque tambi\u00e9n reconoci\u00f3 que, de momento, no est\u00e1n previstos cambios radicales en esas unidades.<\/p>\n<p style=\"text-align: justify;\">\u201cPero esto es algo que sin duda se planifica y que se llevar\u00e1 a cabo. El objetivo de los futuros cambios ser\u00e1 el desarrollo de estas fuerzas, dirigido a perfeccionar el sistema de defensa antia\u00e9rea de Rusia\u00bb, ampli\u00f3.<\/p>\n<p style=\"text-align: justify;\">Desde el inicio de la operaci\u00f3n militar rusa en Ucrania, las fuerzas ucranianas han atacado, en reiteradas ocasiones, instalaciones militares en territorio de Rusia, incluso, penetrando varios cientos de kil\u00f3metros.<\/p>\n<p style=\"text-align: justify;\">\n<p>&nbsp;<\/p>\n<p>&nbsp;<\/p>\n<h6>Telesur\/Gr\u00e1fica: Cortes\u00eda<\/h6>\n","protected":false},"excerpt":{"rendered":"<p>El subcomandante de la Fuerza Aeroespacial de Rusia, Andr\u00e9i Demin, asegur\u00f3 este lunes que su pa\u00eds increment\u00f3, considerablemente, el n\u00famero de sistemas de defensa antia\u00e9rea junto a sus fronteras con&hellip; <\/p>\n","protected":false},"author":1,"featured_media":26807,"comment_status":"closed","ping_status":"closed","sticky":false,"template":"","format":"standard","meta":{"footnotes":""},"categories":[42],"tags":[],"class_list":["post-26806","post","type-post","status-publish","format-standard","has-post-thumbnail","hentry","category-mundo"],"_links":{"self":[{"href":"https:\/\/ciudadtrujillo.com\/index.php?rest_route=\/wp\/v2\/posts\/26806","targetHints":{"allow":["GET"]}}],"collection":[{"href":"https:\/\/ciudadtrujillo.com\/index.php?rest_route=\/wp\/v2\/posts"}],"about":[{"href":"https:\/\/ciudadtrujillo.com\/index.php?rest_route=\/wp\/v2\/types\/post"}],"author":[{"embeddable":true,"href":"https:\/\/ciudadtrujillo.com\/index.php?rest_route=\/wp\/v2\/users\/1"}],"replies":[{"embeddable":true,"href":"https:\/\/ciudadtrujillo.com\/index.php?rest_route=%2Fwp%2Fv2%2Fcomments&post=26806"}],"version-history":[{"count":1,"href":"https:\/\/ciudadtrujillo.com\/index.php?rest_route=\/wp\/v2\/posts\/26806\/revisions"}],"predecessor-version":[{"id":26808,"href":"https:\/\/ciudadtrujillo.com\/index.php?rest_route=\/wp\/v2\/posts\/26806\/revisions\/26808"}],"wp:featuredmedia":[{"embeddable":true,"href":"https:\/\/ciudadtrujillo.com\/index.php?rest_route=\/wp\/v2\/media\/26807"}],"wp:attachment":[{"href":"https:\/\/ciudadtrujillo.com\/index.php?rest_route=%2Fwp%2Fv2%2Fmedia&parent=26806"}],"wp:term":[{"taxonomy":"category","embeddable":true,"href":"https:\/\/ciudadtrujillo.com\/index.php?rest_route=%2Fwp%2Fv2%2Fcategories&post=26806"},{"taxonomy":"post_tag","embeddable":true,"href":"https:\/\/ciudadtrujillo.com\/index.php?rest_route=%2Fwp%2Fv2%2Ftags&post=26806"}],"curies":[{"name":"wp","href":"https:\/\/api.w.org\/{rel}","templated":true}]}}