{"id":26797,"date":"2023-04-10T20:57:56","date_gmt":"2023-04-11T00:57:56","guid":{"rendered":"http:\/\/ciudadtrujillo.com\/?p=26797"},"modified":"2023-04-10T20:57:56","modified_gmt":"2023-04-11T00:57:56","slug":"belarus-pide-proteccion-de-rusia-ante-cualquier-agresion","status":"publish","type":"post","link":"https:\/\/ciudadtrujillo.com\/?p=26797","title":{"rendered":"Belar\u00fas pide protecci\u00f3n de Rusia ante cualquier agresi\u00f3n"},"content":{"rendered":"<p style=\"text-align: justify;\">El presidente de Belar\u00fas, Aleksandr Lukashenko, dijo este lunes contar con el compromiso de su hom\u00f3logo ruso, Vladimir Putin, de que defender\u00e1 a su Naci\u00f3n como a su propio territorio, en caso de que ocurra una agresi\u00f3n exterior en su contra.<\/p>\n<p style=\"text-align: justify;\">En una reuni\u00f3n con el ministro ruso de Defensa, Sergu\u00e9i Shoig\u00fa, en Minsk (capital), Lukashenko asever\u00f3 que \u201clos pa\u00edses occidentales no acatan las garant\u00edas de seguridad, ofrecidas en el Memor\u00e1ndum de Budapest, a tres pa\u00edses exsovi\u00e9ticos, a cambio de deshacerse de sus arsenales nucleares en 1994\u201d.<\/p>\n<p style=\"text-align: justify;\">\u201cTodas las potencias occidentales y Rusia, juraron proporcionar plena seguridad a Kazajist\u00e1n, Ucrania y Belar\u00fas. Naturalmente, ustedes saben que las potencias occidentales han pisoteado todos estos tratados, acuerdos y declaraciones y no hay ninguna seguridad\u201d, denunci\u00f3 el mandatario.<\/p>\n<p style=\"text-align: justify;\">Adem\u00e1s, explic\u00f3 que le plante\u00f3 esa cuesti\u00f3n al presidente ruso, Vlad\u00edmir Putin, quien le apoy\u00f3 e, incluso, abog\u00f3 por \u201crevisar todos los tratados y acuerdos\u201d bilaterales y \u201cver qu\u00e9 acto jur\u00eddico interestatal hay que adoptar ahora para garantizar la plena seguridad de Belar\u00fas\u201d.<\/p>\n<p style=\"text-align: justify;\">Vale acotar que, ambos jefes de Estado abordaron el jueves pasado, la elaboraci\u00f3n de un \u201cconcepto de seguridad\u201d conjunto, en el Consejo Supremo del Estado de la Uni\u00f3n, entidad que aglutina a los dos pa\u00edses.<\/p>\n<p style=\"text-align: justify;\">\n<p>&nbsp;<\/p>\n<p>&nbsp;<\/p>\n<h6>VTV\/Gr\u00e1ficas: Cortes\u00eda<\/h6>\n","protected":false},"excerpt":{"rendered":"<p>El presidente de Belar\u00fas, Aleksandr Lukashenko, dijo este lunes contar con el compromiso de su hom\u00f3logo ruso, Vladimir Putin, de que defender\u00e1 a su Naci\u00f3n como a su propio territorio,&hellip; <\/p>\n","protected":false},"author":1,"featured_media":26798,"comment_status":"closed","ping_status":"closed","sticky":false,"template":"","format":"standard","meta":{"footnotes":""},"categories":[42],"tags":[],"class_list":["post-26797","post","type-post","status-publish","format-standard","has-post-thumbnail","hentry","category-mundo"],"_links":{"self":[{"href":"https:\/\/ciudadtrujillo.com\/index.php?rest_route=\/wp\/v2\/posts\/26797","targetHints":{"allow":["GET"]}}],"collection":[{"href":"https:\/\/ciudadtrujillo.com\/index.php?rest_route=\/wp\/v2\/posts"}],"about":[{"href":"https:\/\/ciudadtrujillo.com\/index.php?rest_route=\/wp\/v2\/types\/post"}],"author":[{"embeddable":true,"href":"https:\/\/ciudadtrujillo.com\/index.php?rest_route=\/wp\/v2\/users\/1"}],"replies":[{"embeddable":true,"href":"https:\/\/ciudadtrujillo.com\/index.php?rest_route=%2Fwp%2Fv2%2Fcomments&post=26797"}],"version-history":[{"count":1,"href":"https:\/\/ciudadtrujillo.com\/index.php?rest_route=\/wp\/v2\/posts\/26797\/revisions"}],"predecessor-version":[{"id":26799,"href":"https:\/\/ciudadtrujillo.com\/index.php?rest_route=\/wp\/v2\/posts\/26797\/revisions\/26799"}],"wp:featuredmedia":[{"embeddable":true,"href":"https:\/\/ciudadtrujillo.com\/index.php?rest_route=\/wp\/v2\/media\/26798"}],"wp:attachment":[{"href":"https:\/\/ciudadtrujillo.com\/index.php?rest_route=%2Fwp%2Fv2%2Fmedia&parent=26797"}],"wp:term":[{"taxonomy":"category","embeddable":true,"href":"https:\/\/ciudadtrujillo.com\/index.php?rest_route=%2Fwp%2Fv2%2Fcategories&post=26797"},{"taxonomy":"post_tag","embeddable":true,"href":"https:\/\/ciudadtrujillo.com\/index.php?rest_route=%2Fwp%2Fv2%2Ftags&post=26797"}],"curies":[{"name":"wp","href":"https:\/\/api.w.org\/{rel}","templated":true}]}}