{"id":26788,"date":"2023-04-04T19:40:09","date_gmt":"2023-04-04T23:40:09","guid":{"rendered":"http:\/\/ciudadtrujillo.com\/?p=26788"},"modified":"2023-04-04T19:40:09","modified_gmt":"2023-04-04T23:40:09","slug":"ministro-ali-padron-proyecta-a-trujillo-como-destino-turistico-en-semana-santa","status":"publish","type":"post","link":"https:\/\/ciudadtrujillo.com\/?p=26788","title":{"rendered":"Ministro Al\u00ed Padr\u00f3n proyecta a Trujillo como destino tur\u00edstico en Semana Santa"},"content":{"rendered":"<p style=\"text-align: justify;\">El estado Trujillo recibi\u00f3 al ministro del Poder Popular para el Turismo, Al\u00ed Padr\u00f3n, quien visit\u00f3 los diferentes atractivos en la entidad y destac\u00f3 las potencialidades de esta Tierra de Santos y Sabios, a la cual proyect\u00f3 como un destino tur\u00edstico en la Semana Santa 2023.<\/p>\n<p style=\"text-align: justify;\">Desde el Museo Trapiche de Los Clavo en el municipio Bocon\u00f3, Padr\u00f3n destac\u00f3 que Trujillo cuenta con cinco puntos de informaci\u00f3n tur\u00edstica y resalt\u00f3 que se trabaja desde los diferentes niveles de gobierno en uni\u00f3n con el Poder Popular para impulsar diferentes proyectos.<\/p>\n<p style=\"text-align: justify;\">\u201cDebemos trabajar para que el turismo sea un elemento fundamental para el crecimiento, desarrollo e inclusi\u00f3n social\u201d, dijo. Asimismo, el titular de la cartera tur\u00edstica invit\u00f3 a visitar el Monumento a la Paz, ubicado en la ciudad capital, desde \u201cel cual se pueden observar hermosos paisajes\u201d.<\/p>\n<p style=\"text-align: justify;\">Adem\u00e1s, el ministro inspeccion\u00f3 las instalaciones del Aeropuerto Antonio Nicol\u00e1s Brice\u00f1o, ubicado en el municipio San Rafael de Carvajal, que reactivar\u00e1 pr\u00f3ximamente sus operaciones para ser una ventana que impulse el turismo en la entidad. Al respecto, precis\u00f3 que en el terminal a\u00e9reo se han realizado diferentes trabajos de rehabilitaci\u00f3n y modernizaci\u00f3n para recibir a los visitantes.<\/p>\n<p>&nbsp;<\/p>\n<p>&nbsp;<\/p>\n<h6>Yarlenis Albarr\u00e1n\/Gr\u00e1fica: Fernando Chuecos<\/h6>\n","protected":false},"excerpt":{"rendered":"<p>El estado Trujillo recibi\u00f3 al ministro del Poder Popular para el Turismo, Al\u00ed Padr\u00f3n, quien visit\u00f3 los diferentes atractivos en la entidad y destac\u00f3 las potencialidades de esta Tierra de&hellip; <\/p>\n","protected":false},"author":1,"featured_media":26789,"comment_status":"closed","ping_status":"closed","sticky":false,"template":"","format":"standard","meta":{"footnotes":""},"categories":[52,40],"tags":[],"class_list":["post-26788","post","type-post","status-publish","format-standard","has-post-thumbnail","hentry","category-destacadas","category-grantrujillo"],"_links":{"self":[{"href":"https:\/\/ciudadtrujillo.com\/index.php?rest_route=\/wp\/v2\/posts\/26788","targetHints":{"allow":["GET"]}}],"collection":[{"href":"https:\/\/ciudadtrujillo.com\/index.php?rest_route=\/wp\/v2\/posts"}],"about":[{"href":"https:\/\/ciudadtrujillo.com\/index.php?rest_route=\/wp\/v2\/types\/post"}],"author":[{"embeddable":true,"href":"https:\/\/ciudadtrujillo.com\/index.php?rest_route=\/wp\/v2\/users\/1"}],"replies":[{"embeddable":true,"href":"https:\/\/ciudadtrujillo.com\/index.php?rest_route=%2Fwp%2Fv2%2Fcomments&post=26788"}],"version-history":[{"count":1,"href":"https:\/\/ciudadtrujillo.com\/index.php?rest_route=\/wp\/v2\/posts\/26788\/revisions"}],"predecessor-version":[{"id":26790,"href":"https:\/\/ciudadtrujillo.com\/index.php?rest_route=\/wp\/v2\/posts\/26788\/revisions\/26790"}],"wp:featuredmedia":[{"embeddable":true,"href":"https:\/\/ciudadtrujillo.com\/index.php?rest_route=\/wp\/v2\/media\/26789"}],"wp:attachment":[{"href":"https:\/\/ciudadtrujillo.com\/index.php?rest_route=%2Fwp%2Fv2%2Fmedia&parent=26788"}],"wp:term":[{"taxonomy":"category","embeddable":true,"href":"https:\/\/ciudadtrujillo.com\/index.php?rest_route=%2Fwp%2Fv2%2Fcategories&post=26788"},{"taxonomy":"post_tag","embeddable":true,"href":"https:\/\/ciudadtrujillo.com\/index.php?rest_route=%2Fwp%2Fv2%2Ftags&post=26788"}],"curies":[{"name":"wp","href":"https:\/\/api.w.org\/{rel}","templated":true}]}}