{"id":26757,"date":"2023-04-04T16:56:52","date_gmt":"2023-04-04T20:56:52","guid":{"rendered":"http:\/\/ciudadtrujillo.com\/?p=26757"},"modified":"2023-04-04T16:56:52","modified_gmt":"2023-04-04T20:56:52","slug":"finlandia-firma-su-adhesion-a-la-otan","status":"publish","type":"post","link":"https:\/\/ciudadtrujillo.com\/?p=26757","title":{"rendered":"Finlandia firma su adhesi\u00f3n a la OTAN"},"content":{"rendered":"<p style=\"text-align: justify;\">Este martes, el ministro de Exteriores de Finlandia, Pekka Haavisto, firm\u00f3 el documento de adhesi\u00f3n del pa\u00eds a la Organizaci\u00f3n del Tratado del Atl\u00e1ntico Norte (OTAN), lo que lo convierte en el miembro n\u00famero 31 de la organizaci\u00f3n militar, rese\u00f1an agencias.<\/p>\n<p style=\"text-align: justify;\">La firma se llev\u00f3 a cabo en la sede de la alianza, en la oficina finlandesa de la OTAN en Bruselas, frente al Cuartel General de la OTAN, donde estaban presentes el secretario general de la OTAN, Jens Stoltenberg y el secretario de Estado de Estados Unidos, Anthony Blinken, seg\u00fan inform\u00f3 la Compa\u00f1\u00eda de Radiodifusi\u00f3n de Finlandia.<\/p>\n<p style=\"text-align: justify;\">De acuerdo con Haavisto, los representantes turcos entregaron simult\u00e1neamente documentos sobre la ratificaci\u00f3n de la membres\u00eda de Finlandia en la alianza a Blinken, refiere Tass.<\/p>\n<p style=\"text-align: justify;\">Finlandia present\u00f3 su solicitud de membres\u00eda junto con Suecia en mayo de 2022, pero la admisi\u00f3n de Suecia a\u00fan est\u00e1 bloqueada por Turqu\u00eda, porque Estocolmo a\u00fan no ha cumplido con todas las demandas de Ankara sobre la extradici\u00f3n de refugiados kurdos, a quienes Ankara acusa de terrorismo.<\/p>\n<p style=\"text-align: justify;\">T\u00fcrkiye se niega a dar luz verde a la adhesi\u00f3n de Suecia porque ese pa\u00eds concede refugio a dirigentes kurdos y a sospechosos de haber participado en el fallido golpe de estado de 2016, rese\u00f1a EFE.<\/p>\n<p style=\"text-align: justify;\">En enero el gobierno turco rechaz\u00f3 la decisi\u00f3n de Suecia de permitir que manifestantes extremistas de derecha realizaran una protesta frente a la embajada de Turqu\u00eda en Estocolmo, donde incluso quemaron un ejemplar del Cor\u00e1n.<\/p>\n<h3 style=\"text-align: justify;\">Implicaciones de la adhesi\u00f3n de Finlandia a la OTAN<\/h3>\n<p style=\"text-align: justify;\">\nCon el ingreso de Finlandia la OTAN suma 1.300 kil\u00f3metros de frontera directa con Rusia.<\/p>\n<p style=\"text-align: justify;\">Finlandia aportar\u00e1 a la OTAN un contingente de 280.000 soldados y uno de los mayores arsenales de artiller\u00eda en Europa.<\/p>\n<p style=\"text-align: justify;\">Con la adhesi\u00f3n, Finlandia pasa a estar amparada por el art\u00edculo 5 de la alianza, que considera un ataque a uno de los pa\u00edses miembros como un ataque contra todos ellos.<\/p>\n<h3 style=\"text-align: justify;\">Reacci\u00f3n de Mosc\u00fa<\/h3>\n<p style=\"text-align: justify;\">Por su parte, el portavoz del Kremlin, Dmitri Peskov, anunci\u00f3 que Rusia no dejar\u00e1 sin respuesta el ingreso del pa\u00eds a la OTAN, porque considera que representa una nueva escalada de tensi\u00f3n en las relaciones con la Alianza.<\/p>\n<p style=\"text-align: justify;\">Mosc\u00fa considera la expansi\u00f3n de la OTAN como \u00abun atentado contra los intereses nacionales y la seguridad de Rusia\u00bb.<\/p>\n<p style=\"text-align: justify;\">\u201cEso nos obliga a tomar contramedidas para garantizar nuestra seguridad\u201d, afirm\u00f3 Peskov, al explicar que Mosc\u00fa actuar\u00e1 en funci\u00f3n de c\u00f3mo la OTAN \u201cexplota el territorio\u201d finland\u00e9s y si despliega su infraestructura cerca de la frontera rusa.<\/p>\n<p style=\"text-align: justify;\">Asimismo, el Ministerio de Asuntos Exteriores ruso afirm\u00f3 que \u00abel ingreso de Finlandia en la OTAN no puede, sino afectar las relaciones bilaterales ruso-finlandesas\u00bb, refiere Sputnik.<\/p>\n<p style=\"text-align: justify;\">\u00abDebido a que la l\u00ednea de contacto directo de la OTAN y las fronteras de la Federaci\u00f3n de Rusia aument\u00f3 a m\u00e1s del doble, se produjo un cambio cardinal en la regi\u00f3n del norte de Europa, que antes era una de las m\u00e1s estables del mundo. La Alianza Atl\u00e1ntica dio otro paso hacia el territorio ruso\u00bb, informa el comunicado del ente.<\/p>\n<p style=\"text-align: justify;\">Agrega que ahora Rusia se ve obligada a tomar medidas de respuesta militares y t\u00e9cnicas, as\u00ed como de otro tipo para prevenir las amenazas a la seguridad nacional.<\/p>\n<p style=\"text-align: justify;\">\n<p>&nbsp;<\/p>\n<p>&nbsp;<\/p>\n<h6>\u00daltimas Noticias\/Gr\u00e1fica: Cortes\u00eda<\/h6>\n","protected":false},"excerpt":{"rendered":"<p>Este martes, el ministro de Exteriores de Finlandia, Pekka Haavisto, firm\u00f3 el documento de adhesi\u00f3n del pa\u00eds a la Organizaci\u00f3n del Tratado del Atl\u00e1ntico Norte (OTAN), lo que lo convierte&hellip; <\/p>\n","protected":false},"author":1,"featured_media":26758,"comment_status":"closed","ping_status":"closed","sticky":false,"template":"","format":"standard","meta":{"footnotes":""},"categories":[42],"tags":[],"class_list":["post-26757","post","type-post","status-publish","format-standard","has-post-thumbnail","hentry","category-mundo"],"_links":{"self":[{"href":"https:\/\/ciudadtrujillo.com\/index.php?rest_route=\/wp\/v2\/posts\/26757","targetHints":{"allow":["GET"]}}],"collection":[{"href":"https:\/\/ciudadtrujillo.com\/index.php?rest_route=\/wp\/v2\/posts"}],"about":[{"href":"https:\/\/ciudadtrujillo.com\/index.php?rest_route=\/wp\/v2\/types\/post"}],"author":[{"embeddable":true,"href":"https:\/\/ciudadtrujillo.com\/index.php?rest_route=\/wp\/v2\/users\/1"}],"replies":[{"embeddable":true,"href":"https:\/\/ciudadtrujillo.com\/index.php?rest_route=%2Fwp%2Fv2%2Fcomments&post=26757"}],"version-history":[{"count":1,"href":"https:\/\/ciudadtrujillo.com\/index.php?rest_route=\/wp\/v2\/posts\/26757\/revisions"}],"predecessor-version":[{"id":26759,"href":"https:\/\/ciudadtrujillo.com\/index.php?rest_route=\/wp\/v2\/posts\/26757\/revisions\/26759"}],"wp:featuredmedia":[{"embeddable":true,"href":"https:\/\/ciudadtrujillo.com\/index.php?rest_route=\/wp\/v2\/media\/26758"}],"wp:attachment":[{"href":"https:\/\/ciudadtrujillo.com\/index.php?rest_route=%2Fwp%2Fv2%2Fmedia&parent=26757"}],"wp:term":[{"taxonomy":"category","embeddable":true,"href":"https:\/\/ciudadtrujillo.com\/index.php?rest_route=%2Fwp%2Fv2%2Fcategories&post=26757"},{"taxonomy":"post_tag","embeddable":true,"href":"https:\/\/ciudadtrujillo.com\/index.php?rest_route=%2Fwp%2Fv2%2Ftags&post=26757"}],"curies":[{"name":"wp","href":"https:\/\/api.w.org\/{rel}","templated":true}]}}