{"id":26754,"date":"2023-04-04T16:54:32","date_gmt":"2023-04-04T20:54:32","guid":{"rendered":"http:\/\/ciudadtrujillo.com\/?p=26754"},"modified":"2023-04-04T16:54:32","modified_gmt":"2023-04-04T20:54:32","slug":"instalan-i-reunion-de-la-comision-mixta-venezuela-guinea-bissau","status":"publish","type":"post","link":"https:\/\/ciudadtrujillo.com\/?p=26754","title":{"rendered":"Instalan I Reuni\u00f3n de la Comisi\u00f3n Mixta Venezuela-Guinea Bissau"},"content":{"rendered":"<p style=\"text-align: justify;\">Este martes, se llev\u00f3 a cabo el acto de Instalaci\u00f3n de la I Reuni\u00f3n de la Comisi\u00f3n Mixta Venezuela-Guinea Bissau, en la Casa Amarilla, donde encabezaron este evento, el canciller de la Rep\u00fablica, Yv\u00e1n Gil y el primer ministro del Interior y del Orden P\u00fablico de dicho pa\u00eds, Soares Samb\u00fa, para afianzar las relaciones de cooperaci\u00f3n entre ambas naciones.<\/p>\n<p style=\"text-align: justify;\">En ese sentido, el titular de la cartera de Relaciones Exteriores recalc\u00f3 que entre ambos pa\u00edses, siguen avanzando en \u00e1reas como la cultura, la comunicaci\u00f3n, la educaci\u00f3n b\u00e1sica, vivienda y h\u00e1bitat, el transporte a\u00e9reo y mar\u00edtimo entre otros \u00e1mbitos.<\/p>\n<p style=\"text-align: justify;\">\u201cAspiramos que esta comisi\u00f3n mixta, se constituya en un paso para establecer el andamio y los compromisos que den resultados concretos para el beneficio de nuestros pueblos. Para este prop\u00f3sito, Venezuela y Guinea Bissau cuentan con las potencialidades agr\u00edcolas, una posici\u00f3n geogr\u00e1fica privilegiada y la m\u00e1s importante, los lazos de hermandad y solidaridad entre ambas naciones\u201d, dijo.<\/p>\n<p style=\"text-align: justify;\">Destac\u00f3 el apoyo de ese pa\u00eds hacia Venezuela en la lucha contra las medidas coercitivas unilaterales y la lucha contra el neocolonialismo: \u201cDebemos profundizar las relaciones porque combatimos los mismos males, un cerco medi\u00e1tico y pol\u00edtico\u201d, aleg\u00f3.<\/p>\n<p style=\"text-align: justify;\">Por su parte, Samb\u00fa declar\u00f3 que tienen la voluntad de concretar acuerdos que se firmaron anteriormente y se firmar\u00e1n durante este encuentro. Insisti\u00f3 que la din\u00e1mica que est\u00e1 ganando en la cooperaci\u00f3n Sur-Sur, \u201cnos llama a explotar mejor las potencialidades que se ofrecen, debido a que son cada vez m\u00e1s escasas las fuentes que se ofrecen de apoyo y desarrollo\u201d.<\/p>\n<p style=\"text-align: justify;\">\u201cEstamos conscientes que la invitaci\u00f3n formulada por este pa\u00eds (Venezuela), es el reflejo de una decisi\u00f3n que debe ser concretada y tenemos la voluntad pol\u00edtica de aproximarnos entre ambas naciones. Los factores de cooperaci\u00f3n deben ser explotados sin demora y m\u00e1s cuando existen varios acuerdos\u201d, agreg\u00f3.<\/p>\n<p style=\"text-align: justify;\">Vale acotar, que este lunes, una delegaci\u00f3n de la Rep\u00fablica de Guinea Bissau, arrib\u00f3 al pa\u00eds para participar en la I Reuni\u00f3n de la Comisi\u00f3n Mixta. En el Aeropuerto Internacional Sim\u00f3n Bol\u00edvar, en La Guaira, el recibimiento de la delegaci\u00f3n africana correspondi\u00f3 al viceministro para \u00c1frica del Ministerio del Poder Popular para Relaciones Exteriores, Yuri Pimentel.<\/p>\n<p style=\"text-align: justify;\">En noviembre del a\u00f1o pasado, los presidentes Nicol\u00e1s Maduro y Umaro Sissoco Embal\u00f3, de visita oficial a Caracas, sostuvieron un encuentro en pro de afianzar la cooperaci\u00f3n estrat\u00e9gica entre ambas naciones.<\/p>\n<p style=\"text-align: justify;\">\n<p>&nbsp;<\/p>\n<p>&nbsp;<\/p>\n<h6>VTV\/Gr\u00e1fica: Cortes\u00eda<\/h6>\n","protected":false},"excerpt":{"rendered":"<p>Este martes, se llev\u00f3 a cabo el acto de Instalaci\u00f3n de la I Reuni\u00f3n de la Comisi\u00f3n Mixta Venezuela-Guinea Bissau, en la Casa Amarilla, donde encabezaron este evento, el canciller&hellip; <\/p>\n","protected":false},"author":1,"featured_media":26755,"comment_status":"closed","ping_status":"closed","sticky":false,"template":"","format":"standard","meta":{"footnotes":""},"categories":[41],"tags":[],"class_list":["post-26754","post","type-post","status-publish","format-standard","has-post-thumbnail","hentry","category-pais"],"_links":{"self":[{"href":"https:\/\/ciudadtrujillo.com\/index.php?rest_route=\/wp\/v2\/posts\/26754","targetHints":{"allow":["GET"]}}],"collection":[{"href":"https:\/\/ciudadtrujillo.com\/index.php?rest_route=\/wp\/v2\/posts"}],"about":[{"href":"https:\/\/ciudadtrujillo.com\/index.php?rest_route=\/wp\/v2\/types\/post"}],"author":[{"embeddable":true,"href":"https:\/\/ciudadtrujillo.com\/index.php?rest_route=\/wp\/v2\/users\/1"}],"replies":[{"embeddable":true,"href":"https:\/\/ciudadtrujillo.com\/index.php?rest_route=%2Fwp%2Fv2%2Fcomments&post=26754"}],"version-history":[{"count":1,"href":"https:\/\/ciudadtrujillo.com\/index.php?rest_route=\/wp\/v2\/posts\/26754\/revisions"}],"predecessor-version":[{"id":26756,"href":"https:\/\/ciudadtrujillo.com\/index.php?rest_route=\/wp\/v2\/posts\/26754\/revisions\/26756"}],"wp:featuredmedia":[{"embeddable":true,"href":"https:\/\/ciudadtrujillo.com\/index.php?rest_route=\/wp\/v2\/media\/26755"}],"wp:attachment":[{"href":"https:\/\/ciudadtrujillo.com\/index.php?rest_route=%2Fwp%2Fv2%2Fmedia&parent=26754"}],"wp:term":[{"taxonomy":"category","embeddable":true,"href":"https:\/\/ciudadtrujillo.com\/index.php?rest_route=%2Fwp%2Fv2%2Fcategories&post=26754"},{"taxonomy":"post_tag","embeddable":true,"href":"https:\/\/ciudadtrujillo.com\/index.php?rest_route=%2Fwp%2Fv2%2Ftags&post=26754"}],"curies":[{"name":"wp","href":"https:\/\/api.w.org\/{rel}","templated":true}]}}