{"id":26723,"date":"2023-04-03T19:51:30","date_gmt":"2023-04-03T23:51:30","guid":{"rendered":"http:\/\/ciudadtrujillo.com\/?p=26723"},"modified":"2023-04-03T19:51:30","modified_gmt":"2023-04-03T23:51:30","slug":"corporacion-trujillana-de-turismo-e-inatur-activaran-puntos-de-informacion-turistica-para-la-semana-santa-2023","status":"publish","type":"post","link":"https:\/\/ciudadtrujillo.com\/?p=26723","title":{"rendered":"Corporaci\u00f3n Trujillana de Turismo e Inatur activar\u00e1n Puntos de Informaci\u00f3n Tur\u00edstica para la Semana Santa 2023"},"content":{"rendered":"<p style=\"text-align: justify;\">Como parte del operativo de la Semana Santa 2023, la Corporaci\u00f3n Trujillana de Turismo y el Instituto Nacional de Turismo del estado Trujillo, activar\u00e1 Puntos de Informaci\u00f3n Tur\u00edstica (PIT), en los diferentes atractivos del estado, los cuales estar\u00e1n activos desde el mi\u00e9rcoles 05 hasta el domingo 09 de abril.<\/p>\n<p style=\"text-align: justify;\">La ingeniero Maria Gabriela Albornoz, autoridad \u00fanica de Turismo inform\u00f3 que en el marco de las actividades conmemorativas a la Semana Mayor se realizar\u00e1 un despliegue especial informativo.<\/p>\n<p style=\"text-align: justify;\">\u00abBuscamos informar y concientizar a turistas, visitantes y locales para el sano disfrute de los espacios tur\u00edsticos, asimismo dar conocer las representaciones culturales y tradiciones religiosas de la entidad trujillana\u00bb, dijo.<\/p>\n<p style=\"text-align: justify;\">Los puntos de informaci\u00f3n estar\u00e1n habilitados desde las 9:00 de la ma\u00f1ana hasta las 3:00 de la tarde en el Santuario Ni\u00f1o Jes\u00fas en Isnot\u00fa, municipio Rafael Rangel, en el Monumento a la Paz, municipio capital, Parque Recreacional El Golondrino en Escuque, asimismo en la Plaza Bol\u00edvar de La Puerta y Plaza Bol\u00edvar de Valera.<\/p>\n<p style=\"text-align: justify;\">Los puntos de informaci\u00f3n itinerante estar\u00e1n ubicados en la Laguna de los Cedros del municipio Bocon\u00f3 y la Plaza Bol\u00edvar de Tost\u00f3s en Bocon\u00f3.<\/p>\n<p>&nbsp;<\/p>\n<p>&nbsp;<\/p>\n<h6>Prensa CTT\/ Maryuri Gonz\u00e1lez\/Gr\u00e1ficas: Cortes\u00eda<\/h6>\n","protected":false},"excerpt":{"rendered":"<p>Como parte del operativo de la Semana Santa 2023, la Corporaci\u00f3n Trujillana de Turismo y el Instituto Nacional de Turismo del estado Trujillo, activar\u00e1 Puntos de Informaci\u00f3n Tur\u00edstica (PIT), en&hellip; <\/p>\n","protected":false},"author":1,"featured_media":26724,"comment_status":"closed","ping_status":"closed","sticky":false,"template":"","format":"standard","meta":{"footnotes":""},"categories":[40],"tags":[],"class_list":["post-26723","post","type-post","status-publish","format-standard","has-post-thumbnail","hentry","category-grantrujillo"],"_links":{"self":[{"href":"https:\/\/ciudadtrujillo.com\/index.php?rest_route=\/wp\/v2\/posts\/26723","targetHints":{"allow":["GET"]}}],"collection":[{"href":"https:\/\/ciudadtrujillo.com\/index.php?rest_route=\/wp\/v2\/posts"}],"about":[{"href":"https:\/\/ciudadtrujillo.com\/index.php?rest_route=\/wp\/v2\/types\/post"}],"author":[{"embeddable":true,"href":"https:\/\/ciudadtrujillo.com\/index.php?rest_route=\/wp\/v2\/users\/1"}],"replies":[{"embeddable":true,"href":"https:\/\/ciudadtrujillo.com\/index.php?rest_route=%2Fwp%2Fv2%2Fcomments&post=26723"}],"version-history":[{"count":1,"href":"https:\/\/ciudadtrujillo.com\/index.php?rest_route=\/wp\/v2\/posts\/26723\/revisions"}],"predecessor-version":[{"id":26725,"href":"https:\/\/ciudadtrujillo.com\/index.php?rest_route=\/wp\/v2\/posts\/26723\/revisions\/26725"}],"wp:featuredmedia":[{"embeddable":true,"href":"https:\/\/ciudadtrujillo.com\/index.php?rest_route=\/wp\/v2\/media\/26724"}],"wp:attachment":[{"href":"https:\/\/ciudadtrujillo.com\/index.php?rest_route=%2Fwp%2Fv2%2Fmedia&parent=26723"}],"wp:term":[{"taxonomy":"category","embeddable":true,"href":"https:\/\/ciudadtrujillo.com\/index.php?rest_route=%2Fwp%2Fv2%2Fcategories&post=26723"},{"taxonomy":"post_tag","embeddable":true,"href":"https:\/\/ciudadtrujillo.com\/index.php?rest_route=%2Fwp%2Fv2%2Ftags&post=26723"}],"curies":[{"name":"wp","href":"https:\/\/api.w.org\/{rel}","templated":true}]}}