{"id":26708,"date":"2023-04-03T17:46:58","date_gmt":"2023-04-03T21:46:58","guid":{"rendered":"http:\/\/ciudadtrujillo.com\/?p=26708"},"modified":"2023-04-03T17:46:58","modified_gmt":"2023-04-03T21:46:58","slug":"venezuela-alza-las-banderas-del-intercambio-de-saberes-entre-naciones","status":"publish","type":"post","link":"https:\/\/ciudadtrujillo.com\/?p=26708","title":{"rendered":"Venezuela alza las banderas del intercambio de saberes entre naciones"},"content":{"rendered":"<p style=\"text-align: justify;\">\u201cVenezuela alza las banderas de la complementariedad y el intercambio de saberes entre naciones, en pro del desarrollo equitativo y sostenible\u201d, sostuvo este lunes el presidente de la Rep\u00fablica Bolivariana de Venezuela, Nicol\u00e1s Maduro a trav\u00e9s de sus redes sociales.<\/p>\n<p style=\"text-align: justify;\">En el mensaje publicado el jefe de Estado reafirm\u00f3 que: \u201cVenezuela est\u00e1 comprometida con la construcci\u00f3n de un mundo m\u00e1s justo y solidario, y que continuar\u00e1 trabajando en estrecha colaboraci\u00f3n con otros pa\u00edses para lograr este objetivo\u201d.<\/p>\n<p style=\"text-align: justify;\">Asimismo destac\u00f3 la importancia de la cooperaci\u00f3n internacional y reiter\u00f3 su compromiso de seguir trabajando para mejorar la calidad de vida de los venezolanos y de los pueblos del mundo. Con esta declaraci\u00f3n el mandatario nacional manifest\u00f3 que mediante el desarrollo sostenible y la cooperaci\u00f3n internacional \u201cel pa\u00eds se posiciona como l\u00edder en la lucha por un mundo m\u00e1s justo y solidario\u201d.<\/p>\n<p style=\"text-align: justify;\">\n<p>&nbsp;<\/p>\n<h6>VTV\/Gr\u00e1ficas: Cortes\u00eda<\/h6>\n","protected":false},"excerpt":{"rendered":"<p>\u201cVenezuela alza las banderas de la complementariedad y el intercambio de saberes entre naciones, en pro del desarrollo equitativo y sostenible\u201d, sostuvo este lunes el presidente de la Rep\u00fablica Bolivariana&hellip; <\/p>\n","protected":false},"author":1,"featured_media":26709,"comment_status":"closed","ping_status":"closed","sticky":false,"template":"","format":"standard","meta":{"footnotes":""},"categories":[41],"tags":[],"class_list":["post-26708","post","type-post","status-publish","format-standard","has-post-thumbnail","hentry","category-pais"],"_links":{"self":[{"href":"https:\/\/ciudadtrujillo.com\/index.php?rest_route=\/wp\/v2\/posts\/26708","targetHints":{"allow":["GET"]}}],"collection":[{"href":"https:\/\/ciudadtrujillo.com\/index.php?rest_route=\/wp\/v2\/posts"}],"about":[{"href":"https:\/\/ciudadtrujillo.com\/index.php?rest_route=\/wp\/v2\/types\/post"}],"author":[{"embeddable":true,"href":"https:\/\/ciudadtrujillo.com\/index.php?rest_route=\/wp\/v2\/users\/1"}],"replies":[{"embeddable":true,"href":"https:\/\/ciudadtrujillo.com\/index.php?rest_route=%2Fwp%2Fv2%2Fcomments&post=26708"}],"version-history":[{"count":1,"href":"https:\/\/ciudadtrujillo.com\/index.php?rest_route=\/wp\/v2\/posts\/26708\/revisions"}],"predecessor-version":[{"id":26710,"href":"https:\/\/ciudadtrujillo.com\/index.php?rest_route=\/wp\/v2\/posts\/26708\/revisions\/26710"}],"wp:featuredmedia":[{"embeddable":true,"href":"https:\/\/ciudadtrujillo.com\/index.php?rest_route=\/wp\/v2\/media\/26709"}],"wp:attachment":[{"href":"https:\/\/ciudadtrujillo.com\/index.php?rest_route=%2Fwp%2Fv2%2Fmedia&parent=26708"}],"wp:term":[{"taxonomy":"category","embeddable":true,"href":"https:\/\/ciudadtrujillo.com\/index.php?rest_route=%2Fwp%2Fv2%2Fcategories&post=26708"},{"taxonomy":"post_tag","embeddable":true,"href":"https:\/\/ciudadtrujillo.com\/index.php?rest_route=%2Fwp%2Fv2%2Ftags&post=26708"}],"curies":[{"name":"wp","href":"https:\/\/api.w.org\/{rel}","templated":true}]}}