{"id":26703,"date":"2023-04-03T01:56:10","date_gmt":"2023-04-03T05:56:10","guid":{"rendered":"http:\/\/ciudadtrujillo.com\/?p=26703"},"modified":"2023-04-03T01:56:10","modified_gmt":"2023-04-03T05:56:10","slug":"reactivan-quirofanos-del-hospital-de-carache-e-intervienen-con-plan-quirurgico-nacional-a-mas-de-250-habitantes","status":"publish","type":"post","link":"https:\/\/ciudadtrujillo.com\/?p=26703","title":{"rendered":"Reactivan quir\u00f3fanos del hospital de Carache e intervienen con Plan Quir\u00fargico Nacional a m\u00e1s de 250 habitantes"},"content":{"rendered":"<p style=\"text-align: justify;\">Tal como lo anunci\u00f3 el gobernador de Trujillo, My. Gerardo M\u00e1rquez, durante el fin de semana se llev\u00f3 a cabo el Plan Quir\u00fargico Nacional en el municipio Carache, a trav\u00e9s del cual fueron intervenidos quir\u00fargicamente m\u00e1s de 250 habitantes de esta localidad y cuya acci\u00f3n posibilit\u00f3 la reactivaci\u00f3n del \u00e1rea de quir\u00f3fanos en el Hospital Dr. Rafael Quevedo Viloria que ten\u00eda m\u00e1s de 13 a\u00f1os fuera de servicio.<\/p>\n<p style=\"text-align: justify;\">La directora regional de la Red Hospitalaria del estado Trujillo, Yenni Hern\u00e1ndez, destac\u00f3 que en esta jornada estuvieron tres grupos de especialistas principales realizando actividad quir\u00fargica. \u00abTen\u00edamos establecido para este fin de semana m\u00e1s de 200 operaciones, enmarcadas en lo que son las cirug\u00edas menores y cirug\u00edas de mediana y baja complejidad, entre ellas se realizaron oportunamente dos ces\u00e1reas segmentarias y sin ninguna complicaci\u00f3n\u00bb, dijo.<\/p>\n<p style=\"text-align: justify;\">Asimismo, se\u00f1al\u00f3 que, adicional a las cirug\u00edas previstas, se realizaron operaciones de hernias umbilicales e inguinales y otras intervenciones de mediana complejidad, \u00abnos han acompa\u00f1ado cirujanos especialistas de renombre como el jefe de anestesiolog\u00eda y la directora del hospital de Valera, y un grupo importante de m\u00e9dicos (&#8230;) es muy importante resaltar el gran apoyo que hemos tenido del Poder Popular del municipio Carache y de toda la directiva del centro de salud\u00bb.<\/p>\n<p style=\"text-align: justify;\">Por su parte, la directora del hospital de Carache, Dra. Rocidez Ulloa, agradeci\u00f3 al presidente Nicol\u00e1s Maduro, a la ministra de Salud Magaly Guti\u00e9rrez, al gobernador Gerardo M\u00e1rquez y a la presidenta de Fundasalud Yadira Pereira por la reactivaci\u00f3n del \u00e1rea de quir\u00f3fanos en el hospital, posibilit\u00e1ndose la realizaci\u00f3n de 152 cirug\u00edas el d\u00eda s\u00e1bado y m\u00e1s de 60 el d\u00eda domingo, entre las que destacan esterilizaciones, de quistes, lipomas y verrugas.<\/p>\n<p style=\"text-align: justify;\">\u00abHonramos al personal m\u00e9dico que por m\u00e1s de 48 horas labor\u00f3 fuertemente para lograr el objetivo propuesto (&#8230;) el pueblo de Carache agradece este gesto revolucionario y espera que estas cirug\u00edas sigan realiz\u00e1ndose en este hospital pues es de gran ayuda ya que es una zona for\u00e1nea y alejada de la ciudad de Trujillo o Valera\u00bb, dijo<\/p>\n<p style=\"text-align: justify;\">Ulloa detall\u00f3 que el Hospital Dr. Rafael Quevedo Viloria cuenta actualmente con el \u00e1rea emergencia general, servicio de medicina interna, ginecobstetricia, pediatr\u00eda y pr\u00f3ximamente se activar\u00e1 el \u00e1rea de emergencia pedi\u00e1trica y de adultos.<\/p>\n<h3 style=\"text-align: justify;\">M\u00e1s de dos mil cirug\u00edas en el estado<\/h3>\n<p style=\"text-align: justify;\">La directora regional de la Red Hospitalaria del estado Trujillo, destac\u00f3 que el Ministerio de Salud hab\u00eda establecido que la jornada para la entidad fuese de 1500 cirug\u00edas, \u00absin embargo en la captaci\u00f3n a trav\u00e9s de la Red Ambulatoria y Comunal, conjuntamente con los hospitales, se han registrado aproximadamente 2 mil 070 pacientes que entran en el protocolo que se ha fijado para ser beneficiarios del Plan Quir\u00fargico Nacional\u00bb.<\/p>\n<p style=\"text-align: justify;\">\u00abLa pr\u00f3xima semana tenemos planteado comenzar con Betijoque (Rafael Rangel) donde estaremos realizando las operaciones de pacientes de todo el eje panamericano y, simult\u00e1neamente, del 10 al 16 de de abril se estar\u00e1n realizando cirug\u00edas del Plan Quir\u00fargico Nacional en los hospitales Rafael Rangel (Bocon\u00f3), Jos\u00e9 Gregorio Hern\u00e1ndez (Trujillo capital), Pedro Emilio Carrillo (Valera), Mar\u00eda Aracelis \u00c1lvarez (Rafael Rangel), Rafael Quevedo Viloria (Carache), m\u00e1s los dos hospitales del Seguro Social en Valera y Trujillo\u00bb, expres\u00f3.<\/p>\n<p style=\"text-align: justify;\">Asimismo, Ulloa puntualiz\u00f3: \u00abTenemos el privilegio de que el Centro Oftalmol\u00f3gico 13 de Abril de Agua Santa (Miranda) se encuentra activo y el personal de all\u00ed tambi\u00e9n participar\u00e1 en la jornada de este plan quir\u00fargico, saldando algunos casos de cataratas y pterigi\u00f3n durante esta semana\u00bb.<\/p>\n<p>&nbsp;<\/p>\n<p>&nbsp;<\/p>\n<h6>Yelimar Hidalgo\/Gr\u00e1ficas: Samuel Torres<\/h6>\n","protected":false},"excerpt":{"rendered":"<p>Tal como lo anunci\u00f3 el gobernador de Trujillo, My. Gerardo M\u00e1rquez, durante el fin de semana se llev\u00f3 a cabo el Plan Quir\u00fargico Nacional en el municipio Carache, a trav\u00e9s&hellip; <\/p>\n","protected":false},"author":1,"featured_media":26704,"comment_status":"closed","ping_status":"closed","sticky":false,"template":"","format":"standard","meta":{"footnotes":""},"categories":[52,40],"tags":[],"class_list":["post-26703","post","type-post","status-publish","format-standard","has-post-thumbnail","hentry","category-destacadas","category-grantrujillo"],"_links":{"self":[{"href":"https:\/\/ciudadtrujillo.com\/index.php?rest_route=\/wp\/v2\/posts\/26703","targetHints":{"allow":["GET"]}}],"collection":[{"href":"https:\/\/ciudadtrujillo.com\/index.php?rest_route=\/wp\/v2\/posts"}],"about":[{"href":"https:\/\/ciudadtrujillo.com\/index.php?rest_route=\/wp\/v2\/types\/post"}],"author":[{"embeddable":true,"href":"https:\/\/ciudadtrujillo.com\/index.php?rest_route=\/wp\/v2\/users\/1"}],"replies":[{"embeddable":true,"href":"https:\/\/ciudadtrujillo.com\/index.php?rest_route=%2Fwp%2Fv2%2Fcomments&post=26703"}],"version-history":[{"count":1,"href":"https:\/\/ciudadtrujillo.com\/index.php?rest_route=\/wp\/v2\/posts\/26703\/revisions"}],"predecessor-version":[{"id":26705,"href":"https:\/\/ciudadtrujillo.com\/index.php?rest_route=\/wp\/v2\/posts\/26703\/revisions\/26705"}],"wp:featuredmedia":[{"embeddable":true,"href":"https:\/\/ciudadtrujillo.com\/index.php?rest_route=\/wp\/v2\/media\/26704"}],"wp:attachment":[{"href":"https:\/\/ciudadtrujillo.com\/index.php?rest_route=%2Fwp%2Fv2%2Fmedia&parent=26703"}],"wp:term":[{"taxonomy":"category","embeddable":true,"href":"https:\/\/ciudadtrujillo.com\/index.php?rest_route=%2Fwp%2Fv2%2Fcategories&post=26703"},{"taxonomy":"post_tag","embeddable":true,"href":"https:\/\/ciudadtrujillo.com\/index.php?rest_route=%2Fwp%2Fv2%2Ftags&post=26703"}],"curies":[{"name":"wp","href":"https:\/\/api.w.org\/{rel}","templated":true}]}}