{"id":26699,"date":"2023-04-03T01:53:16","date_gmt":"2023-04-03T05:53:16","guid":{"rendered":"http:\/\/ciudadtrujillo.com\/?p=26699"},"modified":"2023-04-03T01:53:16","modified_gmt":"2023-04-03T05:53:16","slug":"g-d-cesar-augusto-febres-cabello-asume-como-nuevo-comandante-de-la-zodi-trujillo","status":"publish","type":"post","link":"https:\/\/ciudadtrujillo.com\/?p=26699","title":{"rendered":"G\/D C\u00e9sar Augusto Febres Cabello asume como nuevo comandante de la Zodi Trujillo"},"content":{"rendered":"<p style=\"text-align: justify;\">Este viernes se llev\u00f3 a cabo el acto de transmisi\u00f3n de mando de la Zona Operativa de Defensa Integral (Zodi) n\u00famero 23 Trujillo, recibiendo el estandarte el G\/D C\u00e9sar Augusto Febres Cabello en reemplazo del G\/D Donato Tenore Damiani. En uni\u00f3n c\u00edvico militar se efectu\u00f3 la programaci\u00f3n prevista en el Parque La Trujillanidad, donde se ratific\u00f3 una vez m\u00e1s el compromiso bolivariano y patriota de garantizar la seguridad y el sosiego en el territorio.<\/p>\n<p style=\"text-align: justify;\">Durante la actividad, el comandante de la Regi\u00f3n Estrat\u00e9gica de Defensa Integral (Redi) Los Andes, M\/G Manuel Castillo Rengifo, exalt\u00f3 el trabajo del G\/D Donato Tenore, \u00abquien acat\u00f3 las directrices que se deben ejercer junto al pueblo para llegar a feliz t\u00e9rmino, moment\u00e1neamente, y ubicarse en otra trinchera\u00bb.<\/p>\n<p style=\"text-align: justify;\">Finaliz\u00f3 diciendo que la fuente de esta m\u00edstica es y seguir\u00e1 siendo por Sim\u00f3n Bol\u00edvar, refiri\u00e9ndose a la labor que caracteriza a cada uno de los soldados que trabajan por la Patria.<\/p>\n<p style=\"text-align: justify;\">Por su parte, el gobernador del estado Trujillo, My. Gerardo M\u00e1rquez, expres\u00f3 que con el trabajo junto al comandante Tenore se logr\u00f3 la unificaci\u00f3n de todos los cuerpos de seguridad a fin de ejercer una labor que prioriz\u00f3 el bienestar del pueblo.<\/p>\n<p style=\"text-align: justify;\">\u00abHoy despido a un soldado de la Patria quien ha sido llamado por nuestro Presidente Nicol\u00e1s Maduro a ocupar una alta responsabilidad de gobierno\u00bb, agreg\u00f3 M\u00e1rquez.<\/p>\n<p style=\"text-align: justify;\">Resalt\u00f3 que los hombres y mujeres que hoy ejercen su labor propia en los cuerpos de seguridad son el ejemplo propio del patriotismo en Trujillo. \u00abSigo siendo un soldado y seguir\u00e9 siendo un soldado de la Revoluci\u00f3n, no me quito el uniforme ni para pensar\u00bb, asegur\u00f3 el gobernador.<\/p>\n<p>&nbsp;<\/p>\n<p>&nbsp;<\/p>\n<h6>Rossiel Hurtado\/Gr\u00e1ficas: Fernando \u00abEl Ruso\u00bb Chuecos<\/h6>\n","protected":false},"excerpt":{"rendered":"<p>Este viernes se llev\u00f3 a cabo el acto de transmisi\u00f3n de mando de la Zona Operativa de Defensa Integral (Zodi) n\u00famero 23 Trujillo, recibiendo el estandarte el G\/D C\u00e9sar Augusto&hellip; <\/p>\n","protected":false},"author":1,"featured_media":26701,"comment_status":"closed","ping_status":"closed","sticky":false,"template":"","format":"standard","meta":{"footnotes":""},"categories":[40],"tags":[],"class_list":["post-26699","post","type-post","status-publish","format-standard","has-post-thumbnail","hentry","category-grantrujillo"],"_links":{"self":[{"href":"https:\/\/ciudadtrujillo.com\/index.php?rest_route=\/wp\/v2\/posts\/26699","targetHints":{"allow":["GET"]}}],"collection":[{"href":"https:\/\/ciudadtrujillo.com\/index.php?rest_route=\/wp\/v2\/posts"}],"about":[{"href":"https:\/\/ciudadtrujillo.com\/index.php?rest_route=\/wp\/v2\/types\/post"}],"author":[{"embeddable":true,"href":"https:\/\/ciudadtrujillo.com\/index.php?rest_route=\/wp\/v2\/users\/1"}],"replies":[{"embeddable":true,"href":"https:\/\/ciudadtrujillo.com\/index.php?rest_route=%2Fwp%2Fv2%2Fcomments&post=26699"}],"version-history":[{"count":1,"href":"https:\/\/ciudadtrujillo.com\/index.php?rest_route=\/wp\/v2\/posts\/26699\/revisions"}],"predecessor-version":[{"id":26702,"href":"https:\/\/ciudadtrujillo.com\/index.php?rest_route=\/wp\/v2\/posts\/26699\/revisions\/26702"}],"wp:featuredmedia":[{"embeddable":true,"href":"https:\/\/ciudadtrujillo.com\/index.php?rest_route=\/wp\/v2\/media\/26701"}],"wp:attachment":[{"href":"https:\/\/ciudadtrujillo.com\/index.php?rest_route=%2Fwp%2Fv2%2Fmedia&parent=26699"}],"wp:term":[{"taxonomy":"category","embeddable":true,"href":"https:\/\/ciudadtrujillo.com\/index.php?rest_route=%2Fwp%2Fv2%2Fcategories&post=26699"},{"taxonomy":"post_tag","embeddable":true,"href":"https:\/\/ciudadtrujillo.com\/index.php?rest_route=%2Fwp%2Fv2%2Ftags&post=26699"}],"curies":[{"name":"wp","href":"https:\/\/api.w.org\/{rel}","templated":true}]}}