{"id":25849,"date":"2023-03-07T17:26:48","date_gmt":"2023-03-07T21:26:48","guid":{"rendered":"http:\/\/ciudadtrujillo.com\/?p=25849"},"modified":"2023-03-07T17:26:48","modified_gmt":"2023-03-07T21:26:48","slug":"militantes-del-psuv-resaltan-figura-del-comandante-hugo-chavez-durante-conversatorio","status":"publish","type":"post","link":"https:\/\/ciudadtrujillo.com\/?p=25849","title":{"rendered":"Militantes del Psuv resaltan figura del comandante Hugo Ch\u00e1vez durante conversatorio"},"content":{"rendered":"<p style=\"text-align: justify;\">Desde el municipio Valera se llev\u00f3 a cabo un conversatorio en el marco de los 10 a\u00f1os de la siembra del Comandante Hugo Ch\u00e1vez. La secretaria regional del Movimiento Somos Venezuela (MSV), Ang\u00e9lica Mor\u00f3n, resalt\u00f3 que la misi\u00f3n del l\u00edder es reflejada en cada una de las acciones por parte de los militantes.<\/p>\n<p style=\"text-align: justify;\">Destac\u00f3 que participaron representantes de 45 instituciones regionales, quienes resaltaron la figura del comandante como: \u00abEl Ch\u00e1vez invicto que hoy est\u00e1 en una base de misi\u00f3n, en los Comit\u00e9s Locales de Abastecimiento y Producci\u00f3n (Clap), en una casa de alimentaci\u00f3n y en todas las bondades que nos dej\u00f3 \u00ab, afirm\u00f3 Mor\u00f3n.<\/p>\n<p style=\"text-align: justify;\">Adem\u00e1s, la directora mencion\u00f3 que compartieron la vivencia del general Luis Berro Ter\u00e1n, quien acompa\u00f1\u00f3 al Comandante Ch\u00e1vez durante sus luchas. \u00abTambi\u00e9n abri\u00f3 los caminos para que muchos logramos estar en este lugar\u00bb, acot\u00f3.<\/p>\n<p style=\"text-align: justify;\">Resalt\u00f3 la importancia de conocer las vivencias de los hombres y mujeres, \u00abesfuerzos que hoy son notorios para seguir construyendo a trav\u00e9s de las experiencias propias\u00bb.<\/p>\n<p>&nbsp;<\/p>\n<p>&nbsp;<\/p>\n<h6>Rossiel Hurtado\/Gr\u00e1ficas: Samuel Torres<\/h6>\n","protected":false},"excerpt":{"rendered":"<p>Desde el municipio Valera se llev\u00f3 a cabo un conversatorio en el marco de los 10 a\u00f1os de la siembra del Comandante Hugo Ch\u00e1vez. La secretaria regional del Movimiento Somos&hellip; <\/p>\n","protected":false},"author":1,"featured_media":25850,"comment_status":"closed","ping_status":"closed","sticky":false,"template":"","format":"standard","meta":{"footnotes":""},"categories":[40],"tags":[],"class_list":["post-25849","post","type-post","status-publish","format-standard","has-post-thumbnail","hentry","category-grantrujillo"],"_links":{"self":[{"href":"https:\/\/ciudadtrujillo.com\/index.php?rest_route=\/wp\/v2\/posts\/25849","targetHints":{"allow":["GET"]}}],"collection":[{"href":"https:\/\/ciudadtrujillo.com\/index.php?rest_route=\/wp\/v2\/posts"}],"about":[{"href":"https:\/\/ciudadtrujillo.com\/index.php?rest_route=\/wp\/v2\/types\/post"}],"author":[{"embeddable":true,"href":"https:\/\/ciudadtrujillo.com\/index.php?rest_route=\/wp\/v2\/users\/1"}],"replies":[{"embeddable":true,"href":"https:\/\/ciudadtrujillo.com\/index.php?rest_route=%2Fwp%2Fv2%2Fcomments&post=25849"}],"version-history":[{"count":1,"href":"https:\/\/ciudadtrujillo.com\/index.php?rest_route=\/wp\/v2\/posts\/25849\/revisions"}],"predecessor-version":[{"id":25851,"href":"https:\/\/ciudadtrujillo.com\/index.php?rest_route=\/wp\/v2\/posts\/25849\/revisions\/25851"}],"wp:featuredmedia":[{"embeddable":true,"href":"https:\/\/ciudadtrujillo.com\/index.php?rest_route=\/wp\/v2\/media\/25850"}],"wp:attachment":[{"href":"https:\/\/ciudadtrujillo.com\/index.php?rest_route=%2Fwp%2Fv2%2Fmedia&parent=25849"}],"wp:term":[{"taxonomy":"category","embeddable":true,"href":"https:\/\/ciudadtrujillo.com\/index.php?rest_route=%2Fwp%2Fv2%2Fcategories&post=25849"},{"taxonomy":"post_tag","embeddable":true,"href":"https:\/\/ciudadtrujillo.com\/index.php?rest_route=%2Fwp%2Fv2%2Ftags&post=25849"}],"curies":[{"name":"wp","href":"https:\/\/api.w.org\/{rel}","templated":true}]}}