{"id":25846,"date":"2023-03-07T17:24:56","date_gmt":"2023-03-07T21:24:56","guid":{"rendered":"http:\/\/ciudadtrujillo.com\/?p=25846"},"modified":"2023-03-07T17:24:56","modified_gmt":"2023-03-07T21:24:56","slug":"feligresia-inicia-preparativos-para-la-gran-fiesta-de-la-divina-misericordia","status":"publish","type":"post","link":"https:\/\/ciudadtrujillo.com\/?p=25846","title":{"rendered":"Feligres\u00eda inicia preparativos para la gran fiesta de la Divina Misericordia"},"content":{"rendered":"<p style=\"text-align: justify;\">Los fieles trujillanos iniciaron los preparativos para la Gran Fiesta de la Divina Misericordia que se celebrar\u00e1 el pr\u00f3ximo domingo 17 de marzo. El p\u00e1rroco y rector del Santuario Diocesano San Juan Bautista, Wuaikelys Araujo, inform\u00f3 que la programaci\u00f3n se desarrollar\u00e1 desde la 1:00 pm hasta las 5:00 pm desde la Avenida Bol\u00edvar del municipio Valera.<\/p>\n<p style=\"text-align: justify;\">Asegur\u00f3 que con cantos y alabanzas avivar\u00e1n los corazones de los devotos presentes, quienes ser\u00e1n part\u00edcipes del acontecimiento de amor, unci\u00f3n y bendici\u00f3n que colmar\u00e1 al estado Trujillo.<\/p>\n<p style=\"text-align: justify;\">Especific\u00f3 que la Santa Eucarist\u00eda ser\u00e1 presidida por el obispo de la Di\u00f3cesis de Trujillo, Monse\u00f1or Jos\u00e9 Trinidad Fern\u00e1ndez \u00c1ngulo, y se contar\u00e1 con la presencia del presbiterio diocesano, religiosas y tambi\u00e9n se presentar\u00e1 el Padre Pedro Ter\u00e1n con un concierto dedicado a las alabanzas y adoraci\u00f3n al Rey de los dos rayos divinos.<\/p>\n<p style=\"text-align: justify;\">Araujo precis\u00f3 que el obispo diocesano indic\u00f3 que en las diferentes zonas pastorales de la entidad se celebrar\u00e1 est\u00e1 gran celebraci\u00f3n.<\/p>\n<p style=\"text-align: justify;\">\u00abEl obispo presidir\u00e1 la Eucarist\u00eda en el Seminario Sagrado Coraz\u00f3n de Jes\u00fas en horas de la ma\u00f1ana, y en la tarde la de la ciudad de Valera\u00bb, explic\u00f3 el padre.<\/p>\n<p style=\"text-align: justify;\">Asimismo, el sacerdote record\u00f3 que tambi\u00e9n se realizar\u00e1n las actividades correspondientes a la Semana Santa con viacrucis, procesiones, la celebraci\u00f3n del triduo pascual y m\u00e1s.<\/p>\n<p style=\"text-align: justify;\">\n<p>&nbsp;<\/p>\n<p>&nbsp;<\/p>\n<h6>Rossiel Hurtado\/Gr\u00e1ficas: cortes\u00eda<\/h6>\n","protected":false},"excerpt":{"rendered":"<p>Los fieles trujillanos iniciaron los preparativos para la Gran Fiesta de la Divina Misericordia que se celebrar\u00e1 el pr\u00f3ximo domingo 17 de marzo. El p\u00e1rroco y rector del Santuario Diocesano&hellip; <\/p>\n","protected":false},"author":1,"featured_media":25847,"comment_status":"closed","ping_status":"closed","sticky":false,"template":"","format":"standard","meta":{"footnotes":""},"categories":[40],"tags":[],"class_list":["post-25846","post","type-post","status-publish","format-standard","has-post-thumbnail","hentry","category-grantrujillo"],"_links":{"self":[{"href":"https:\/\/ciudadtrujillo.com\/index.php?rest_route=\/wp\/v2\/posts\/25846","targetHints":{"allow":["GET"]}}],"collection":[{"href":"https:\/\/ciudadtrujillo.com\/index.php?rest_route=\/wp\/v2\/posts"}],"about":[{"href":"https:\/\/ciudadtrujillo.com\/index.php?rest_route=\/wp\/v2\/types\/post"}],"author":[{"embeddable":true,"href":"https:\/\/ciudadtrujillo.com\/index.php?rest_route=\/wp\/v2\/users\/1"}],"replies":[{"embeddable":true,"href":"https:\/\/ciudadtrujillo.com\/index.php?rest_route=%2Fwp%2Fv2%2Fcomments&post=25846"}],"version-history":[{"count":1,"href":"https:\/\/ciudadtrujillo.com\/index.php?rest_route=\/wp\/v2\/posts\/25846\/revisions"}],"predecessor-version":[{"id":25848,"href":"https:\/\/ciudadtrujillo.com\/index.php?rest_route=\/wp\/v2\/posts\/25846\/revisions\/25848"}],"wp:featuredmedia":[{"embeddable":true,"href":"https:\/\/ciudadtrujillo.com\/index.php?rest_route=\/wp\/v2\/media\/25847"}],"wp:attachment":[{"href":"https:\/\/ciudadtrujillo.com\/index.php?rest_route=%2Fwp%2Fv2%2Fmedia&parent=25846"}],"wp:term":[{"taxonomy":"category","embeddable":true,"href":"https:\/\/ciudadtrujillo.com\/index.php?rest_route=%2Fwp%2Fv2%2Fcategories&post=25846"},{"taxonomy":"post_tag","embeddable":true,"href":"https:\/\/ciudadtrujillo.com\/index.php?rest_route=%2Fwp%2Fv2%2Ftags&post=25846"}],"curies":[{"name":"wp","href":"https:\/\/api.w.org\/{rel}","templated":true}]}}