{"id":25840,"date":"2023-03-07T17:16:18","date_gmt":"2023-03-07T21:16:18","guid":{"rendered":"http:\/\/ciudadtrujillo.com\/?p=25840"},"modified":"2023-03-07T17:16:18","modified_gmt":"2023-03-07T21:16:18","slug":"contraloria-del-estado-trujillo-realizo-talleres-formativos-en-el-municipio-bocono","status":"publish","type":"post","link":"https:\/\/ciudadtrujillo.com\/?p=25840","title":{"rendered":"Contralor\u00eda del estado Trujillo realiz\u00f3 talleres formativos en el municipio Bocon\u00f3"},"content":{"rendered":"<p style=\"text-align: justify;\">La Contralor\u00eda del estado Trujillo, bajo la rector\u00eda de la Abg. Mar\u00eda Elena Mendoza, junto a funcionarios de dicho \u00f3rgano de control fiscal estadal, desarrollaron recientemente tres talleres sobre el proceso de formaci\u00f3n de todos los servidores p\u00fablicos y sus entes, al igual que la comunidad organizada, brind\u00e1ndoles las herramientas necesarias para su participaci\u00f3n en los organismos del poder p\u00fablico en el municipio Bocon\u00f3.<\/p>\n<p style=\"text-align: justify;\">En esta oportunidad se llevaron a cabo los talleres: \u201cFormaci\u00f3n, participaci\u00f3n, rendici\u00f3n, examen y calificaci\u00f3n de las cuentas de los \u00f3rganos del poder p\u00fablico\u201d, \u201cContralor\u00eda Social y \u00c9tica\u201d a los Consejos Comunales y Comunas y \u201cLa Contralor\u00eda va a la escuela\u201d, para docentes, estudiantes y representantes de las Unidades Educativas \u201cAm\u00e9rica Fern\u00e1ndez de Leoni\u201d y \u201cM\u00e1ximo Saavedra\u201d, donde los participantes se capacitaron para identificar las bases legales y realizar estudios de casos reales que ayudan a fortalecer sus conocimientos y desarrollo profesional.<\/p>\n<p style=\"text-align: justify;\">Cabe destacar que dichos talleres se desarrollaron por parte de la Oficina de Atenci\u00f3n al Ciudadano (OAC) del \u00f3rgano de control, en articulaci\u00f3n con la Contralor\u00eda del municipio Bocon\u00f3, siguiendo los lineamientos del Contralor General de la Rep\u00fablica, Dr. Elvis Amoroso, basados en el control previo para el mejoramiento de la administraci\u00f3n p\u00fablica en el pa\u00eds y el fortalecimiento de la participaci\u00f3n ciudadana.<\/p>\n<p>&nbsp;<\/p>\n<p>&nbsp;<\/p>\n<h6>Prensa CET\/Gr\u00e1ficas: Cortes\u00eda<\/h6>\n","protected":false},"excerpt":{"rendered":"<p>La Contralor\u00eda del estado Trujillo, bajo la rector\u00eda de la Abg. Mar\u00eda Elena Mendoza, junto a funcionarios de dicho \u00f3rgano de control fiscal estadal, desarrollaron recientemente tres talleres sobre el&hellip; <\/p>\n","protected":false},"author":1,"featured_media":25841,"comment_status":"closed","ping_status":"closed","sticky":false,"template":"","format":"standard","meta":{"footnotes":""},"categories":[40],"tags":[],"class_list":["post-25840","post","type-post","status-publish","format-standard","has-post-thumbnail","hentry","category-grantrujillo"],"_links":{"self":[{"href":"https:\/\/ciudadtrujillo.com\/index.php?rest_route=\/wp\/v2\/posts\/25840","targetHints":{"allow":["GET"]}}],"collection":[{"href":"https:\/\/ciudadtrujillo.com\/index.php?rest_route=\/wp\/v2\/posts"}],"about":[{"href":"https:\/\/ciudadtrujillo.com\/index.php?rest_route=\/wp\/v2\/types\/post"}],"author":[{"embeddable":true,"href":"https:\/\/ciudadtrujillo.com\/index.php?rest_route=\/wp\/v2\/users\/1"}],"replies":[{"embeddable":true,"href":"https:\/\/ciudadtrujillo.com\/index.php?rest_route=%2Fwp%2Fv2%2Fcomments&post=25840"}],"version-history":[{"count":1,"href":"https:\/\/ciudadtrujillo.com\/index.php?rest_route=\/wp\/v2\/posts\/25840\/revisions"}],"predecessor-version":[{"id":25842,"href":"https:\/\/ciudadtrujillo.com\/index.php?rest_route=\/wp\/v2\/posts\/25840\/revisions\/25842"}],"wp:featuredmedia":[{"embeddable":true,"href":"https:\/\/ciudadtrujillo.com\/index.php?rest_route=\/wp\/v2\/media\/25841"}],"wp:attachment":[{"href":"https:\/\/ciudadtrujillo.com\/index.php?rest_route=%2Fwp%2Fv2%2Fmedia&parent=25840"}],"wp:term":[{"taxonomy":"category","embeddable":true,"href":"https:\/\/ciudadtrujillo.com\/index.php?rest_route=%2Fwp%2Fv2%2Fcategories&post=25840"},{"taxonomy":"post_tag","embeddable":true,"href":"https:\/\/ciudadtrujillo.com\/index.php?rest_route=%2Fwp%2Fv2%2Ftags&post=25840"}],"curies":[{"name":"wp","href":"https:\/\/api.w.org\/{rel}","templated":true}]}}