{"id":25836,"date":"2023-03-07T17:14:35","date_gmt":"2023-03-07T21:14:35","guid":{"rendered":"http:\/\/ciudadtrujillo.com\/?p=25836"},"modified":"2023-03-07T17:14:35","modified_gmt":"2023-03-07T21:14:35","slug":"trujillanas-son-referencia-de-empoderamiento-femenino","status":"publish","type":"post","link":"https:\/\/ciudadtrujillo.com\/?p=25836","title":{"rendered":"Trujillanas son referencia de empoderamiento femenino"},"content":{"rendered":"<p style=\"text-align: justify;\">Hoy el estado Trujillo se suma a la celebraci\u00f3n por el D\u00eda Internacional de la Mujer, destacando su papel protag\u00f3nico en el proceso transformador de crecimiento de la Patria y su figura como pilar fundamental de la sociedad, por ello es propicio resaltar que las mujeres siguen en vanguardia desde diferentes espacios.<\/p>\n<p style=\"text-align: justify;\">Es fundamental resaltar la templanza, bondad, amor, compromiso y entrega que caracterizan a las trujillanas, que adem\u00e1s de ser madres, muchas de ellas trabajan desde los campos, sacan adelante diferentes emprendimientos y dem\u00e1s trabajos que demuestran la tenacidad de mujeres baluartes en esta tierra de encanto.<\/p>\n<p style=\"text-align: justify;\">Esta fecha es una oportunidad m\u00e1s para reconocer la reivindicaci\u00f3n que se ha dado a la mujer bajo el legado feminista de la Revoluci\u00f3n Bolivariana. En Trujillo, el ejecutivo regional se nutre de luchadoras al frente de diferentes direcciones: Primera Combatiente, Lcda. Reyna P\u00e9rez de M\u00e1rquez como presidenta de la Fundaci\u00f3n Regional \u201cEl Ni\u00f1o Sim\u00f3n\u201d Trujillo, la Dra. Yadira Pereira como presidenta de Fundasalud, la Gral. Aidee Villa de Rodas quien ha destacado en su puesto como Comandante del Cuerpo de Bomberos, la Lcda. Ang\u00e9lica Mor\u00f3n que gu\u00eda la labor del agrupamiento social en el estado, asimismo, Grecia Rodr\u00edguez que lleva adelante las importantes obras que se realizan desde la Gran Misi\u00f3n Barrio Nuevo, Barrio Tricolor, entre otras mujeres que brillan desde sus lugares de trabajo para llevar la mejor atenci\u00f3n al pueblo.<\/p>\n<p>&nbsp;<\/p>\n<p>&nbsp;<\/p>\n<h6>Yarlenis Albarr\u00e1n\/Gr\u00e1ficas: Sicip<\/h6>\n","protected":false},"excerpt":{"rendered":"<p>Hoy el estado Trujillo se suma a la celebraci\u00f3n por el D\u00eda Internacional de la Mujer, destacando su papel protag\u00f3nico en el proceso transformador de crecimiento de la Patria y&hellip; <\/p>\n","protected":false},"author":1,"featured_media":25838,"comment_status":"closed","ping_status":"closed","sticky":false,"template":"","format":"standard","meta":{"footnotes":""},"categories":[40],"tags":[],"class_list":["post-25836","post","type-post","status-publish","format-standard","has-post-thumbnail","hentry","category-grantrujillo"],"_links":{"self":[{"href":"https:\/\/ciudadtrujillo.com\/index.php?rest_route=\/wp\/v2\/posts\/25836","targetHints":{"allow":["GET"]}}],"collection":[{"href":"https:\/\/ciudadtrujillo.com\/index.php?rest_route=\/wp\/v2\/posts"}],"about":[{"href":"https:\/\/ciudadtrujillo.com\/index.php?rest_route=\/wp\/v2\/types\/post"}],"author":[{"embeddable":true,"href":"https:\/\/ciudadtrujillo.com\/index.php?rest_route=\/wp\/v2\/users\/1"}],"replies":[{"embeddable":true,"href":"https:\/\/ciudadtrujillo.com\/index.php?rest_route=%2Fwp%2Fv2%2Fcomments&post=25836"}],"version-history":[{"count":1,"href":"https:\/\/ciudadtrujillo.com\/index.php?rest_route=\/wp\/v2\/posts\/25836\/revisions"}],"predecessor-version":[{"id":25839,"href":"https:\/\/ciudadtrujillo.com\/index.php?rest_route=\/wp\/v2\/posts\/25836\/revisions\/25839"}],"wp:featuredmedia":[{"embeddable":true,"href":"https:\/\/ciudadtrujillo.com\/index.php?rest_route=\/wp\/v2\/media\/25838"}],"wp:attachment":[{"href":"https:\/\/ciudadtrujillo.com\/index.php?rest_route=%2Fwp%2Fv2%2Fmedia&parent=25836"}],"wp:term":[{"taxonomy":"category","embeddable":true,"href":"https:\/\/ciudadtrujillo.com\/index.php?rest_route=%2Fwp%2Fv2%2Fcategories&post=25836"},{"taxonomy":"post_tag","embeddable":true,"href":"https:\/\/ciudadtrujillo.com\/index.php?rest_route=%2Fwp%2Fv2%2Ftags&post=25836"}],"curies":[{"name":"wp","href":"https:\/\/api.w.org\/{rel}","templated":true}]}}