{"id":25624,"date":"2023-03-01T20:50:10","date_gmt":"2023-03-02T00:50:10","guid":{"rendered":"http:\/\/ciudadtrujillo.com\/?p=25624"},"modified":"2023-03-01T20:50:10","modified_gmt":"2023-03-02T00:50:10","slug":"pueblo-venezolano-esta-orgulloso-por-clasificacion-al-mundial-fiba-2023","status":"publish","type":"post","link":"https:\/\/ciudadtrujillo.com\/?p=25624","title":{"rendered":"Pueblo venezolano est\u00e1 orgulloso por clasificaci\u00f3n al Mundial FIBA 2023"},"content":{"rendered":"<p style=\"text-align: justify;\">Este mi\u00e9rcoles estuvo como invitado en el programa \u201cAl Aire\u201d transmitido por Venezolana de Televisi\u00f3n (VTV), el presidente de la Federaci\u00f3n Venezolana de Baloncesto (FVB), Hanthony Coello, quien coment\u00f3: \u201ccompartimos con nuestro pueblo la alegr\u00eda y el orgullo de haber clasificado al quinto mundial FIBA 2023, que se celebrar\u00e1 este a\u00f1o en Indonesia, Jap\u00f3n y Filipinas\u201d.<\/p>\n<p style=\"text-align: justify;\">Coello, indic\u00f3 que no es f\u00e1cil acudir a un mundial en cualquier disciplina deportiva \u201cy Venezuela lo logr\u00f3 por quinta vez y de forma consecutiva\u201d. Cabe destacar que por primera vez, esta justa deportiva que se llevar\u00e1 a cabo a partir del 25 de agosto, se celebra en tres pa\u00edses distintos, lo cual constituye una novedad en lo que respecta a los mundiales de baloncesto.<\/p>\n<p style=\"text-align: justify;\">\u201cHubo un gran esfuerzo, principalmente protagonizado por el cuerpo t\u00e9cnico de la selecci\u00f3n, por los jugadores, quienes hicieron lo m\u00e1ximo para poder acudir a esta cita mundialista\u201d, afirm\u00f3 el presidente de la Federaci\u00f3n Venezolana de Baloncesto.<\/p>\n<p style=\"text-align: justify;\">\u00abEl pueblo venezolano, amante del deporte de las alturas, se debe sentir orgulloso por este nuevo logro, una vez m\u00e1s la vinotinto de las alturas le cumpli\u00f3 a su pa\u00eds\u201d, asever\u00f3.<\/p>\n<p style=\"text-align: justify;\">Hay que reconocer el apoyo del Gobierno Bolivariano, liderado por el Ministerio del Deporte, la Federaci\u00f3n Venezolana de Baloncesto y sobre todo, de los fan\u00e1ticos que siempre estuvieron y estar\u00e1n apoyando la tricolor del baloncesto venezolano.<\/p>\n<p style=\"text-align: justify;\">Coello explic\u00f3, que \u201cen cuatro a\u00f1os de trabajo planificado, tenemos los objetivos claros, ya que lo hemos construido con el t\u00e9cnico de la selecci\u00f3n, Fernando Dur\u00f3, y estamos pendientes de la transici\u00f3n generacional que sucede dentro de los atletas del equipo\u201d.<\/p>\n<p style=\"text-align: justify;\">Finalmente, Coello consider\u00f3, que \u201cle debemos la clasificaci\u00f3n a todo el empe\u00f1o que pusieron los muchachos de la selecci\u00f3n y al trabajo planificado en equipo que nos llev\u00f3 a esta quinta clasificaci\u00f3n al Mundial FIBA 2023\u201d.<\/p>\n<p style=\"text-align: justify;\">Un dato importante es que la FIBA, otorg\u00f3 los derechos de la organizaci\u00f3n de la Copa del Mundo de Baloncesto FIBA 2023 a Indonesia, Jap\u00f3n y Filipinas en diciembre de 2017. La Fase de Grupos se llevar\u00e1 a cabo en los tres pa\u00edses, y la Fase Final continuar\u00e1 en la capital filipina de Manila.<\/p>\n<p style=\"text-align: justify;\">\n<p>&nbsp;<\/p>\n<p>&nbsp;<\/p>\n<h6>VTV\/Gr\u00e1fica: cortes\u00eda<\/h6>\n","protected":false},"excerpt":{"rendered":"<p>Este mi\u00e9rcoles estuvo como invitado en el programa \u201cAl Aire\u201d transmitido por Venezolana de Televisi\u00f3n (VTV), el presidente de la Federaci\u00f3n Venezolana de Baloncesto (FVB), Hanthony Coello, quien coment\u00f3: \u201ccompartimos&hellip; <\/p>\n","protected":false},"author":1,"featured_media":25625,"comment_status":"closed","ping_status":"closed","sticky":false,"template":"","format":"standard","meta":{"footnotes":""},"categories":[44],"tags":[],"class_list":["post-25624","post","type-post","status-publish","format-standard","has-post-thumbnail","hentry","category-deportes"],"_links":{"self":[{"href":"https:\/\/ciudadtrujillo.com\/index.php?rest_route=\/wp\/v2\/posts\/25624","targetHints":{"allow":["GET"]}}],"collection":[{"href":"https:\/\/ciudadtrujillo.com\/index.php?rest_route=\/wp\/v2\/posts"}],"about":[{"href":"https:\/\/ciudadtrujillo.com\/index.php?rest_route=\/wp\/v2\/types\/post"}],"author":[{"embeddable":true,"href":"https:\/\/ciudadtrujillo.com\/index.php?rest_route=\/wp\/v2\/users\/1"}],"replies":[{"embeddable":true,"href":"https:\/\/ciudadtrujillo.com\/index.php?rest_route=%2Fwp%2Fv2%2Fcomments&post=25624"}],"version-history":[{"count":1,"href":"https:\/\/ciudadtrujillo.com\/index.php?rest_route=\/wp\/v2\/posts\/25624\/revisions"}],"predecessor-version":[{"id":25626,"href":"https:\/\/ciudadtrujillo.com\/index.php?rest_route=\/wp\/v2\/posts\/25624\/revisions\/25626"}],"wp:featuredmedia":[{"embeddable":true,"href":"https:\/\/ciudadtrujillo.com\/index.php?rest_route=\/wp\/v2\/media\/25625"}],"wp:attachment":[{"href":"https:\/\/ciudadtrujillo.com\/index.php?rest_route=%2Fwp%2Fv2%2Fmedia&parent=25624"}],"wp:term":[{"taxonomy":"category","embeddable":true,"href":"https:\/\/ciudadtrujillo.com\/index.php?rest_route=%2Fwp%2Fv2%2Fcategories&post=25624"},{"taxonomy":"post_tag","embeddable":true,"href":"https:\/\/ciudadtrujillo.com\/index.php?rest_route=%2Fwp%2Fv2%2Ftags&post=25624"}],"curies":[{"name":"wp","href":"https:\/\/api.w.org\/{rel}","templated":true}]}}