{"id":25609,"date":"2023-03-01T20:35:39","date_gmt":"2023-03-02T00:35:39","guid":{"rendered":"http:\/\/ciudadtrujillo.com\/?p=25609"},"modified":"2023-03-01T20:36:02","modified_gmt":"2023-03-02T00:36:02","slug":"fvf-y-sistema-nacional-de-orquestas-firman-acuerdo-de-cooperacion","status":"publish","type":"post","link":"https:\/\/ciudadtrujillo.com\/?p=25609","title":{"rendered":"FVF y Sistema Nacional de Orquestas firman acuerdo de cooperaci\u00f3n"},"content":{"rendered":"<p style=\"text-align: justify;\">La Federaci\u00f3n Venezolana de F\u00fatbol (FVF) firm\u00f3 alianza con el Sistema Nacional de Orquestas y Coros Juveniles e Infantiles de Venezuela para potenciar las capacidades de ni\u00f1os y j\u00f3venes en los campos de la educaci\u00f3n, m\u00fasica y deporte.<\/p>\n<p style=\"text-align: justify;\">A prop\u00f3sito del 48 aniversario de El Sistema, fundado en 1975 por el maestro y m\u00fasico venezolano Jos\u00e9 Antonio Abreu, se materializa el convenio que busca sistematizar la instrucci\u00f3n y la pr\u00e1ctica colectiva e individual de la m\u00fasica.<\/p>\n<p style=\"text-align: justify;\">La firma del acuerdo se llev\u00f3 a cabo en el Centro Nacional de Acci\u00f3n Social por la M\u00fasica y estuvo presente el presidente de la FVF, Jorge Gim\u00e9nez, tambi\u00e9n particip\u00f3 el director ejecutivo de El Sistema, Eduardo M\u00e9ndez, quienes expresaron su alegr\u00eda por esta cooperaci\u00f3n interinstitucional.<\/p>\n<p style=\"text-align: justify;\">Al respecto, Gim\u00e9nez acot\u00f3: \u201ces un honor para nosotros poder colaborar con este gran Sistema Nacional de Orquestas, al que nos unen muchas cosas. Tanto el f\u00fatbol como la m\u00fasica, son generadores de espacios para compartir. Ambos nos esforzamos por abrir oportunidades a ni\u00f1os y j\u00f3venes, creemos en el talento de nuestras nuevas generaciones y trabajamos para generar entornos sanos y seguros, donde puedan desarrollarse\u201d.<\/p>\n<p style=\"text-align: justify;\">El m\u00e1ximo representante de la Federaci\u00f3n destac\u00f3 la importancia de la m\u00fasica y el deporte en la formaci\u00f3n integral de los venezolanos y como esta alianza, contribuir\u00e1 a potenciar las capacidades de miles de ni\u00f1os y j\u00f3venes en estas \u00e1reas.<\/p>\n<p>&nbsp;<\/p>\n<p>&nbsp;<\/p>\n<h6>VTV\/Gr\u00e1fica: cortes\u00eda<\/h6>\n","protected":false},"excerpt":{"rendered":"<p>La Federaci\u00f3n Venezolana de F\u00fatbol (FVF) firm\u00f3 alianza con el Sistema Nacional de Orquestas y Coros Juveniles e Infantiles de Venezuela para potenciar las capacidades de ni\u00f1os y j\u00f3venes en&hellip; <\/p>\n","protected":false},"author":1,"featured_media":25610,"comment_status":"closed","ping_status":"closed","sticky":false,"template":"","format":"standard","meta":{"footnotes":""},"categories":[44],"tags":[],"class_list":["post-25609","post","type-post","status-publish","format-standard","has-post-thumbnail","hentry","category-deportes"],"_links":{"self":[{"href":"https:\/\/ciudadtrujillo.com\/index.php?rest_route=\/wp\/v2\/posts\/25609","targetHints":{"allow":["GET"]}}],"collection":[{"href":"https:\/\/ciudadtrujillo.com\/index.php?rest_route=\/wp\/v2\/posts"}],"about":[{"href":"https:\/\/ciudadtrujillo.com\/index.php?rest_route=\/wp\/v2\/types\/post"}],"author":[{"embeddable":true,"href":"https:\/\/ciudadtrujillo.com\/index.php?rest_route=\/wp\/v2\/users\/1"}],"replies":[{"embeddable":true,"href":"https:\/\/ciudadtrujillo.com\/index.php?rest_route=%2Fwp%2Fv2%2Fcomments&post=25609"}],"version-history":[{"count":1,"href":"https:\/\/ciudadtrujillo.com\/index.php?rest_route=\/wp\/v2\/posts\/25609\/revisions"}],"predecessor-version":[{"id":25611,"href":"https:\/\/ciudadtrujillo.com\/index.php?rest_route=\/wp\/v2\/posts\/25609\/revisions\/25611"}],"wp:featuredmedia":[{"embeddable":true,"href":"https:\/\/ciudadtrujillo.com\/index.php?rest_route=\/wp\/v2\/media\/25610"}],"wp:attachment":[{"href":"https:\/\/ciudadtrujillo.com\/index.php?rest_route=%2Fwp%2Fv2%2Fmedia&parent=25609"}],"wp:term":[{"taxonomy":"category","embeddable":true,"href":"https:\/\/ciudadtrujillo.com\/index.php?rest_route=%2Fwp%2Fv2%2Fcategories&post=25609"},{"taxonomy":"post_tag","embeddable":true,"href":"https:\/\/ciudadtrujillo.com\/index.php?rest_route=%2Fwp%2Fv2%2Ftags&post=25609"}],"curies":[{"name":"wp","href":"https:\/\/api.w.org\/{rel}","templated":true}]}}