{"id":25062,"date":"2023-02-08T09:06:27","date_gmt":"2023-02-08T13:06:27","guid":{"rendered":"http:\/\/ciudadtrujillo.com\/?p=25062"},"modified":"2023-02-08T09:06:27","modified_gmt":"2023-02-08T13:06:27","slug":"venezuela-enviara-equipos-sar-a-turkiye-para-apoyar-en-rescates","status":"publish","type":"post","link":"https:\/\/ciudadtrujillo.com\/?p=25062","title":{"rendered":"Venezuela enviar\u00e1 equipos SAR a T\u00fcrkiye para apoyar en rescates"},"content":{"rendered":"<p style=\"text-align: justify;\">Venezuela enviar\u00e1 a T\u00fcrkiye un equipo de Servicio de B\u00fasqueda y Salvamento A\u00e9reo (SAR), para apoyar en la b\u00fasqueda y rescate de personas heridas por los derrumbes ocurridos tras el terremoto de magnitud 7.8 registrado este lunes.<\/p>\n<p style=\"text-align: justify;\">La informaci\u00f3n la dio a conocer la Embajada de Venezuela en T\u00fcrkiye, a trav\u00e9s de su cuenta en la red social Twitter, en la que precis\u00f3 que el embajador Jos\u00e9 Bracho sostuvo una reuni\u00f3n con el embajador Sevki Mutevellio\u011flu, en el Centro de Coordinaci\u00f3n de Respuesta a Emergencias, para coordinar la ayuda.<\/p>\n<p style=\"text-align: justify;\">\u00abEmbajador Jos\u00e9 Bracho sostuvo reuni\u00f3n en el \u2018Disaster Coordination Center\u2019 -Centro de Coordinaci\u00f3n de la Respuesta a Emergencias- con el embajador Sevki Mutevellio\u011flu para coordinar recibimiento de equipos SAR que enviar\u00e1 el Gobierno de Venezuela a las zonas afectadas por los terremotos en T\u00fcrkiye\u00bb, public\u00f3 la Embajada de Venezuela.<\/p>\n<p style=\"text-align: justify;\">Reuni\u00f3n con Embajador de Siria<br \/>\nPor otra parte, ante la situaci\u00f3n vivida en Siria, pa\u00eds afectado tambi\u00e9n por el terremoto de este lunes, Venezuela se mantiene atenta para prestar el mayor apoyo a esta naci\u00f3n que pasa por un lamentable acontecimiento.<\/p>\n<p style=\"text-align: justify;\">En tal sentido, el canciller de la Rep\u00fablica, Yv\u00e1n Gil, sostuvo una reuni\u00f3n con el embajador de Siria en Venezuela, Kenan Zaher Al Deen, con la finalidad de \u00abbrindar todo el apoyo que est\u00e9 al alcance para ayudar a esta hermana naci\u00f3n\u00bb.<\/p>\n<p style=\"text-align: justify;\">\u00abAnte las lamentables p\u00e9rdidas acaecidas por el terremoto, nos hemos reunido con el Embajador de #Siria en Venezuela, Kenan Zaher Al Deen, para brindar todo el apoyo que est\u00e9 al alcance para ayudar a esta hermana naci\u00f3n. \u00a1Cuente el pueblo sirio con nuestra total solidaridad!\u00bb, indic\u00f3 el Canciller en su cuenta en Twitter.<\/p>\n<p style=\"text-align: justify;\">\n<p>&nbsp;<\/p>\n<p>&nbsp;<\/p>\n<h6>\u00daLTIMAS NOTICIAS<\/h6>\n","protected":false},"excerpt":{"rendered":"<p>Venezuela enviar\u00e1 a T\u00fcrkiye un equipo de Servicio de B\u00fasqueda y Salvamento A\u00e9reo (SAR), para apoyar en la b\u00fasqueda y rescate de personas heridas por los derrumbes ocurridos tras el&hellip; <\/p>\n","protected":false},"author":1,"featured_media":25063,"comment_status":"closed","ping_status":"closed","sticky":false,"template":"","format":"standard","meta":{"footnotes":""},"categories":[41],"tags":[],"class_list":["post-25062","post","type-post","status-publish","format-standard","has-post-thumbnail","hentry","category-pais"],"_links":{"self":[{"href":"https:\/\/ciudadtrujillo.com\/index.php?rest_route=\/wp\/v2\/posts\/25062","targetHints":{"allow":["GET"]}}],"collection":[{"href":"https:\/\/ciudadtrujillo.com\/index.php?rest_route=\/wp\/v2\/posts"}],"about":[{"href":"https:\/\/ciudadtrujillo.com\/index.php?rest_route=\/wp\/v2\/types\/post"}],"author":[{"embeddable":true,"href":"https:\/\/ciudadtrujillo.com\/index.php?rest_route=\/wp\/v2\/users\/1"}],"replies":[{"embeddable":true,"href":"https:\/\/ciudadtrujillo.com\/index.php?rest_route=%2Fwp%2Fv2%2Fcomments&post=25062"}],"version-history":[{"count":1,"href":"https:\/\/ciudadtrujillo.com\/index.php?rest_route=\/wp\/v2\/posts\/25062\/revisions"}],"predecessor-version":[{"id":25064,"href":"https:\/\/ciudadtrujillo.com\/index.php?rest_route=\/wp\/v2\/posts\/25062\/revisions\/25064"}],"wp:featuredmedia":[{"embeddable":true,"href":"https:\/\/ciudadtrujillo.com\/index.php?rest_route=\/wp\/v2\/media\/25063"}],"wp:attachment":[{"href":"https:\/\/ciudadtrujillo.com\/index.php?rest_route=%2Fwp%2Fv2%2Fmedia&parent=25062"}],"wp:term":[{"taxonomy":"category","embeddable":true,"href":"https:\/\/ciudadtrujillo.com\/index.php?rest_route=%2Fwp%2Fv2%2Fcategories&post=25062"},{"taxonomy":"post_tag","embeddable":true,"href":"https:\/\/ciudadtrujillo.com\/index.php?rest_route=%2Fwp%2Fv2%2Ftags&post=25062"}],"curies":[{"name":"wp","href":"https:\/\/api.w.org\/{rel}","templated":true}]}}