{"id":25052,"date":"2023-02-06T21:06:03","date_gmt":"2023-02-07T01:06:03","guid":{"rendered":"http:\/\/ciudadtrujillo.com\/?p=25052"},"modified":"2023-02-06T21:06:03","modified_gmt":"2023-02-07T01:06:03","slug":"presentan-programacion-para-celebrar-en-municipio-capital-los-carnavales-felices-y-seguros-2023","status":"publish","type":"post","link":"https:\/\/ciudadtrujillo.com\/?p=25052","title":{"rendered":"Presentan programaci\u00f3n para celebrar en municipio capital los Carnavales Felices y Seguros 2023"},"content":{"rendered":"<p style=\"text-align: justify;\">La alcald\u00eda del municipio Trujillo, liderada por el burgomaestre Carlos Ter\u00e1n, ofrecer\u00e1 a propios y visitantes una nutrida programaci\u00f3n del 8 al 20 de febrero para celebrar los Carnavales Felices y Seguros 2023 en armon\u00eda, color y alegr\u00eda, tal como lo ha orientado el Presidente Nicol\u00e1s Maduro y el gobernador My. Gerardo M\u00e1rquez.<\/p>\n<p style=\"text-align: justify;\">Bajo la tem\u00e1tica de Diosas de la Naturaleza, la municipalidad ha organizado este a\u00f1o los Carnavales Tur\u00edsticos Trujillo 2023, cuyas actividades arrancar\u00e1n el pr\u00f3ximo mi\u00e9rcoles 8 de febrero con la presentaci\u00f3n a la prensa de las vandidatas al reinado infantil y juvenil de esta fiesta carnestolenda a las 10 a.m, mientras que para el viernes 10, a las 2 p.m, se prev\u00e9 el show de talentos con las aspirantes; ambos eventos se realizar\u00e1n en el sal\u00f3n de sesiones del Concejo Municipal.<\/p>\n<p style=\"text-align: justify;\">Asimismo, el mi\u00e9rcoles 15 de febrero se llevar\u00e1 a cabo la elecci\u00f3n y coronaci\u00f3n de las reinas infantil y juvenil de los Carnavales Tur\u00edsticos Trujillo 2023, en un acto que, a partir de las 03:00 p.m, har\u00e1 vibrar la Concha Ac\u00fastica del municipio capital con la emoci\u00f3n de los presentes.<\/p>\n<p style=\"text-align: justify;\">Para el viernes 17 se tiene previsto el desfile de carrozas y comparsas que partir\u00e1 a la 01:00 p.m. desde la redoma del Country Club de Trujillo hasta la Av. Cuatricentenaria y contar\u00e1 con la participaci\u00f3n de los circuitos educativos. En la noche, a partir de las 07:00 p.m. se vivir\u00e1 la fiesta de carnaval con agrupaciones musicales.<\/p>\n<p style=\"text-align: justify;\">Las actividades contin\u00faan el d\u00eda s\u00e1bado 18 con la fiesta infantil a las 2:00 p.m. en la Av. Cuatricentenaria y la fiesta de carnaval desde las 07:00 p.m. El domingo 19 de febrero se realizar\u00e1 la romer\u00eda de San Benito que saldr\u00e1 desde la Av. Bol\u00edvar (frente a la Alcald\u00eda) recorriendo las principales calles del municipio y llegar\u00e1 al parque de la Trujillanidad, para luego continuar con la fiesta de carnaval con agrupaciones musicales.<\/p>\n<p style=\"text-align: justify;\">El Lunes de Carnaval (20 de febrero) se cierra con broche de oro la programaci\u00f3n organizada, con el desarrollo de diversas actividades recreativas y juegos tradicionales a partir de las 2:00 p.m. desde la Av. Cuatricentenaria; as\u00ed como la fiesta de carnaval con agrupaciones musicales en horas de la noche.<\/p>\n<p>&nbsp;<\/p>\n<p>&nbsp;<\/p>\n<h6>Prensa alcald\u00eda de Trujillo<\/h6>\n","protected":false},"excerpt":{"rendered":"<p>La alcald\u00eda del municipio Trujillo, liderada por el burgomaestre Carlos Ter\u00e1n, ofrecer\u00e1 a propios y visitantes una nutrida programaci\u00f3n del 8 al 20 de febrero para celebrar los Carnavales Felices&hellip; <\/p>\n","protected":false},"author":1,"featured_media":25053,"comment_status":"closed","ping_status":"closed","sticky":false,"template":"","format":"standard","meta":{"footnotes":""},"categories":[40],"tags":[],"class_list":["post-25052","post","type-post","status-publish","format-standard","has-post-thumbnail","hentry","category-grantrujillo"],"_links":{"self":[{"href":"https:\/\/ciudadtrujillo.com\/index.php?rest_route=\/wp\/v2\/posts\/25052","targetHints":{"allow":["GET"]}}],"collection":[{"href":"https:\/\/ciudadtrujillo.com\/index.php?rest_route=\/wp\/v2\/posts"}],"about":[{"href":"https:\/\/ciudadtrujillo.com\/index.php?rest_route=\/wp\/v2\/types\/post"}],"author":[{"embeddable":true,"href":"https:\/\/ciudadtrujillo.com\/index.php?rest_route=\/wp\/v2\/users\/1"}],"replies":[{"embeddable":true,"href":"https:\/\/ciudadtrujillo.com\/index.php?rest_route=%2Fwp%2Fv2%2Fcomments&post=25052"}],"version-history":[{"count":1,"href":"https:\/\/ciudadtrujillo.com\/index.php?rest_route=\/wp\/v2\/posts\/25052\/revisions"}],"predecessor-version":[{"id":25054,"href":"https:\/\/ciudadtrujillo.com\/index.php?rest_route=\/wp\/v2\/posts\/25052\/revisions\/25054"}],"wp:featuredmedia":[{"embeddable":true,"href":"https:\/\/ciudadtrujillo.com\/index.php?rest_route=\/wp\/v2\/media\/25053"}],"wp:attachment":[{"href":"https:\/\/ciudadtrujillo.com\/index.php?rest_route=%2Fwp%2Fv2%2Fmedia&parent=25052"}],"wp:term":[{"taxonomy":"category","embeddable":true,"href":"https:\/\/ciudadtrujillo.com\/index.php?rest_route=%2Fwp%2Fv2%2Fcategories&post=25052"},{"taxonomy":"post_tag","embeddable":true,"href":"https:\/\/ciudadtrujillo.com\/index.php?rest_route=%2Fwp%2Fv2%2Ftags&post=25052"}],"curies":[{"name":"wp","href":"https:\/\/api.w.org\/{rel}","templated":true}]}}