{"id":25049,"date":"2023-02-06T21:03:59","date_gmt":"2023-02-07T01:03:59","guid":{"rendered":"http:\/\/ciudadtrujillo.com\/?p=25049"},"modified":"2023-02-06T21:03:59","modified_gmt":"2023-02-07T01:03:59","slug":"promueven-actividad-agroproductiva-en-conversatorio-de-derecho-agrario-y-ambiental","status":"publish","type":"post","link":"https:\/\/ciudadtrujillo.com\/?p=25049","title":{"rendered":"Promueven actividad agroproductiva en conversatorio de Derecho Agrario y Ambiental"},"content":{"rendered":"<p style=\"text-align: justify;\">Como se ten\u00eda previsto, este viernes se desarroll\u00f3 el conversatorio de Derecho Agrario y Ambiental en la sede de la Direcci\u00f3n de Desarrollo Agroecol\u00f3gico con el objetivo de realzar la potencialidad agroproductiva en el estado Trujillo.<\/p>\n<p style=\"text-align: justify;\">Desde la Sala de Batallas \u00abHugo Ch\u00e1vez\u00bb de la direcci\u00f3n antes mencionada, el representante de este recinto, ingeniero Carlos Gil, mencion\u00f3 que buscan impulsar la integraci\u00f3n de todos los sectores que hacen vida en la regi\u00f3n, adem\u00e1s de estimular la formaci\u00f3n acad\u00e9mica y la preparaci\u00f3n t\u00e9cnica como elementos clave en la actividad agroproductiva, como parte de las orientaciones del gobernador de la entidad, My. Gerardo M\u00e1rquez.<\/p>\n<p style=\"text-align: justify;\">Durante el conversatorio particip\u00f3 el juez superior agrario de la Circunscripci\u00f3n Judicial del estado, Reinaldo Azuaje y la jueza quinta de primera instancia de distancia, mediaci\u00f3n y ejecuci\u00f3n del Circuito Judicial del Trabajo, Yolimar Cooz Parilli, quien disert\u00f3 sobre el r\u00e9gimen legal del trabajador rural.<\/p>\n<p style=\"text-align: justify;\">Asimismo, el juez primero de Primera Instancia Agraria de la Circunscripci\u00f3n Judicial de la entidad, Jos\u00e9 Carlen\u00edn, dedic\u00f3 su intervenci\u00f3n a la propiedad y posesi\u00f3n agraria en Venezuela.<\/p>\n<p style=\"text-align: justify;\">Gil inform\u00f3 que al finalizar dicho conversatorio se hizo entrega de 149 certificados de participaci\u00f3n por parte de la Direcci\u00f3n de Desarrollo Agroecol\u00f3gico.<\/p>\n<p>&nbsp;<\/p>\n<p>&nbsp;<\/p>\n<h6>Rossiel Hurtado\/Gr\u00e1ficas: Cortes\u00eda<\/h6>\n","protected":false},"excerpt":{"rendered":"<p>Como se ten\u00eda previsto, este viernes se desarroll\u00f3 el conversatorio de Derecho Agrario y Ambiental en la sede de la Direcci\u00f3n de Desarrollo Agroecol\u00f3gico con el objetivo de realzar la&hellip; <\/p>\n","protected":false},"author":1,"featured_media":25050,"comment_status":"closed","ping_status":"closed","sticky":false,"template":"","format":"standard","meta":{"footnotes":""},"categories":[40],"tags":[],"class_list":["post-25049","post","type-post","status-publish","format-standard","has-post-thumbnail","hentry","category-grantrujillo"],"_links":{"self":[{"href":"https:\/\/ciudadtrujillo.com\/index.php?rest_route=\/wp\/v2\/posts\/25049","targetHints":{"allow":["GET"]}}],"collection":[{"href":"https:\/\/ciudadtrujillo.com\/index.php?rest_route=\/wp\/v2\/posts"}],"about":[{"href":"https:\/\/ciudadtrujillo.com\/index.php?rest_route=\/wp\/v2\/types\/post"}],"author":[{"embeddable":true,"href":"https:\/\/ciudadtrujillo.com\/index.php?rest_route=\/wp\/v2\/users\/1"}],"replies":[{"embeddable":true,"href":"https:\/\/ciudadtrujillo.com\/index.php?rest_route=%2Fwp%2Fv2%2Fcomments&post=25049"}],"version-history":[{"count":1,"href":"https:\/\/ciudadtrujillo.com\/index.php?rest_route=\/wp\/v2\/posts\/25049\/revisions"}],"predecessor-version":[{"id":25051,"href":"https:\/\/ciudadtrujillo.com\/index.php?rest_route=\/wp\/v2\/posts\/25049\/revisions\/25051"}],"wp:featuredmedia":[{"embeddable":true,"href":"https:\/\/ciudadtrujillo.com\/index.php?rest_route=\/wp\/v2\/media\/25050"}],"wp:attachment":[{"href":"https:\/\/ciudadtrujillo.com\/index.php?rest_route=%2Fwp%2Fv2%2Fmedia&parent=25049"}],"wp:term":[{"taxonomy":"category","embeddable":true,"href":"https:\/\/ciudadtrujillo.com\/index.php?rest_route=%2Fwp%2Fv2%2Fcategories&post=25049"},{"taxonomy":"post_tag","embeddable":true,"href":"https:\/\/ciudadtrujillo.com\/index.php?rest_route=%2Fwp%2Fv2%2Ftags&post=25049"}],"curies":[{"name":"wp","href":"https:\/\/api.w.org\/{rel}","templated":true}]}}