{"id":25021,"date":"2023-02-06T16:57:29","date_gmt":"2023-02-06T20:57:29","guid":{"rendered":"http:\/\/ciudadtrujillo.com\/?p=25021"},"modified":"2023-02-06T16:57:29","modified_gmt":"2023-02-06T20:57:29","slug":"venezuela-se-solidariza-con-turkiye-y-siria-tras-terremoto-de-magnitud-78","status":"publish","type":"post","link":"https:\/\/ciudadtrujillo.com\/?p=25021","title":{"rendered":"Venezuela se solidariza con T\u00fcrkiye y Siria tras terremoto de magnitud 7,8"},"content":{"rendered":"<p style=\"text-align: justify;\">El Gobierno de la Rep\u00fablica Bolivariana de Venezuela manifest\u00f3 su solidaridad con los pueblos y gobiernos de T\u00fcrkiye y Siria, tras el devastador terremoto de magnitud 7,8 registrado en la madrugada de este lunes.<\/p>\n<p style=\"text-align: justify;\">A trav\u00e9s de un comunicado, el Gobierno de Venezuela transmiti\u00f3 sus condolencias y solidaridad a las familias de las v\u00edctimas del tr\u00e1gico terremoto ocurrido, al tiempo que elev\u00f3 oraciones por la pronta recuperaci\u00f3n de los heridos.<\/p>\n<p style=\"text-align: justify;\">En el texto, el Gobierno venezolano expres\u00f3 adem\u00e1s su disposici\u00f3n de preparar apoyo inmediato, asistencia y la ayuda necesaria para estas dos naciones.<\/p>\n<p style=\"text-align: justify;\">\u00abLa Rep\u00fablica Bolivariana de Venezuela transmite sus condolencias a los pueblos y gobiernos de T\u00fcrkiye y Siria, expresando su solidaridad a los familiares de las v\u00edctimas y eleva sus oraciones por la pronta recuperaci\u00f3n de los numerosos heridos\u00bb, refiri\u00f3 el comunicado emitido por el canciller de la Rep\u00fablica, Yv\u00e1n Gil, a trav\u00e9s de su cuenta en Twitter.<\/p>\n<h3 style=\"text-align: justify;\">Fuerza para T\u00fcrkiye y Siria<\/h3>\n<p style=\"text-align: justify;\">\nTras conocerse la lamentable noticia del terremoto en T\u00fcrkiye y Siria, el presidente de la Rep\u00fablica, Nicol\u00e1s Maduro, envi\u00f3 a los gobiernos y pueblos de ambas naciones su solidaridad, y condolencias a los familiares de las v\u00edctimas de varios sismos registrados este lunes.<\/p>\n<p style=\"text-align: justify;\">\u00abNos solidarizamos con nuestros hermanos y hermanas de T\u00fcrkiye y Siria, afectados por varios sismos que desafortunadamente dejan p\u00e9rdidas humanas, heridos y desaparecidos. Expresamos condolencias a los familiares de las v\u00edctimas, al pueblo turco y sirio. \u00a1Fuerza! \u00a1Un abrazo!\u00bb, public\u00f3 el Mandatario en Twitter.<\/p>\n<h3 style=\"text-align: justify;\">Terremoto de gran magnitud<\/h3>\n<p style=\"text-align: justify;\">\nEn la madrugada de este lunes se registr\u00f3 el terremoto al sur de T\u00fcrkiye, movimiento tel\u00farico que ha dejado hasta los momentos 912 ciudadanos turcos sin vida, mientras otros 5.385 resultaron heridos, adem\u00e1s de 2.818 edificios derrumbados, inform\u00f3 el presidente de turco, Recep Tayyip Erdogan, citado por medios internacionales.<\/p>\n<p style=\"text-align: justify;\">Asimismo, al norte de Siria, el terremoto ha dejado un saldo de cientos de personas fallecidas y m\u00e1s de mil heridos, refieren agencias internacionales.<\/p>\n<p>&nbsp;<\/p>\n<p>&nbsp;<\/p>\n<p>&nbsp;<\/p>\n<h6>\u00daltimas Noticias\/Gr\u00e1fica: Cortes\u00eda<\/h6>\n","protected":false},"excerpt":{"rendered":"<p>El Gobierno de la Rep\u00fablica Bolivariana de Venezuela manifest\u00f3 su solidaridad con los pueblos y gobiernos de T\u00fcrkiye y Siria, tras el devastador terremoto de magnitud 7,8 registrado en la&hellip; <\/p>\n","protected":false},"author":1,"featured_media":25022,"comment_status":"closed","ping_status":"closed","sticky":false,"template":"","format":"standard","meta":{"footnotes":""},"categories":[41],"tags":[],"class_list":["post-25021","post","type-post","status-publish","format-standard","has-post-thumbnail","hentry","category-pais"],"_links":{"self":[{"href":"https:\/\/ciudadtrujillo.com\/index.php?rest_route=\/wp\/v2\/posts\/25021","targetHints":{"allow":["GET"]}}],"collection":[{"href":"https:\/\/ciudadtrujillo.com\/index.php?rest_route=\/wp\/v2\/posts"}],"about":[{"href":"https:\/\/ciudadtrujillo.com\/index.php?rest_route=\/wp\/v2\/types\/post"}],"author":[{"embeddable":true,"href":"https:\/\/ciudadtrujillo.com\/index.php?rest_route=\/wp\/v2\/users\/1"}],"replies":[{"embeddable":true,"href":"https:\/\/ciudadtrujillo.com\/index.php?rest_route=%2Fwp%2Fv2%2Fcomments&post=25021"}],"version-history":[{"count":1,"href":"https:\/\/ciudadtrujillo.com\/index.php?rest_route=\/wp\/v2\/posts\/25021\/revisions"}],"predecessor-version":[{"id":25023,"href":"https:\/\/ciudadtrujillo.com\/index.php?rest_route=\/wp\/v2\/posts\/25021\/revisions\/25023"}],"wp:featuredmedia":[{"embeddable":true,"href":"https:\/\/ciudadtrujillo.com\/index.php?rest_route=\/wp\/v2\/media\/25022"}],"wp:attachment":[{"href":"https:\/\/ciudadtrujillo.com\/index.php?rest_route=%2Fwp%2Fv2%2Fmedia&parent=25021"}],"wp:term":[{"taxonomy":"category","embeddable":true,"href":"https:\/\/ciudadtrujillo.com\/index.php?rest_route=%2Fwp%2Fv2%2Fcategories&post=25021"},{"taxonomy":"post_tag","embeddable":true,"href":"https:\/\/ciudadtrujillo.com\/index.php?rest_route=%2Fwp%2Fv2%2Ftags&post=25021"}],"curies":[{"name":"wp","href":"https:\/\/api.w.org\/{rel}","templated":true}]}}