{"id":25018,"date":"2023-02-06T16:54:09","date_gmt":"2023-02-06T20:54:09","guid":{"rendered":"http:\/\/ciudadtrujillo.com\/?p=25018"},"modified":"2023-02-06T16:54:09","modified_gmt":"2023-02-06T20:54:09","slug":"ecuador-se-mantiene-en-espera-de-resultados-electorales-definitivos","status":"publish","type":"post","link":"https:\/\/ciudadtrujillo.com\/?p=25018","title":{"rendered":"Ecuador se mantiene en espera de resultados electorales definitivos"},"content":{"rendered":"<p style=\"text-align: justify;\">Este lunes Ecuador se mantiene a la espera de los resultados definitivos de la jornada electoral de este domingo, cuando el 80% de los inscritos en el padr\u00f3n acudieron a las urnas para elegir autoridades locales y votar el referendo impulsado por el Gobierno.<\/p>\n<p style=\"text-align: justify;\">Con un escrutinio m\u00e1s lento de lo esperado y un sistema inform\u00e1tico que imped\u00eda ver los resultados en tiempo real, pasaron m\u00e1s de seis horas del cierre de la votaci\u00f3n para conocer algunas tendencias para los cargos en disputa, refiere despacho de Prensa Latina.<\/p>\n<p style=\"text-align: justify;\">En estos comicios est\u00e1n en disputa m\u00e1s de cinco mil cargos y ocho preguntas del referendo, ante lo cual el CNE advirti\u00f3 que el conteo demorar\u00eda.<\/p>\n<p style=\"text-align: justify;\">\u00abEl procesamiento de resultados avanza paulatinamente. El procesamiento y la difusi\u00f3n de resultados no se detendr\u00e1 sino hasta obtener el 100 % de las actas v\u00e1lidas\u00bb, dijo la presidenta del CNE, Diana Atamaint, en una cadena nacional de televisi\u00f3n, report\u00f3 Xinhua.<\/p>\n<p style=\"text-align: justify;\">A\u00f1adi\u00f3 que tras el cierre de las urnas a las 17:00 hora local (22:00 GMT) luego de 10 horas de comicios, se inici\u00f3 el proceso de escrutinio y se comenz\u00f3 a difundir los primeros resultados parciales de las dignidades electas a trav\u00e9s del portal web del CNE.<\/p>\n<p style=\"text-align: justify;\">\u00abTengan la certeza que el Consejo Nacional Electoral respetar\u00e1 cada uno de los votos expresados por los ecuatorianos en las urnas. Por eso, invitamos a la ciudadan\u00eda a seguir la transmisi\u00f3n y procesamiento de resultados a trav\u00e9s de nuestros canales oficiales\u00bb, apunt\u00f3.<\/p>\n<h3 style=\"text-align: justify;\">Escrutinio de alcaldes el m\u00e1s avanzado<\/h3>\n<p style=\"text-align: justify;\">\nA\u00fan sin los datos definitivos, las papeletas para definir alcaldes son las m\u00e1s avanzadas del conteo.<\/p>\n<p style=\"text-align: justify;\">Entre quienes encabezan las listas en sus respectivos municipios est\u00e1n Aquiles \u00c1lvarez, en Guayaquil, y Pabel Mu\u00f1oz, en Quito, ambos del movimiento Revoluci\u00f3n Ciudadana.<\/p>\n<p style=\"text-align: justify;\">Lo mismo ocurre en Guayas y Pichincha con las candidatas de esa fuerza pol\u00edtica Marcela Agui\u00f1aga y Paola Pab\u00f3n, respectivamente, que est\u00e1n en primer lugar entre los aspirantes a las prefecturas de las dos provincias m\u00e1s grandes del pa\u00eds, report\u00f3 Prensa Latina.<\/p>\n<p style=\"text-align: justify;\">Se esperaba tener informaci\u00f3n concreta respecto a los alcaldes de los m\u00e1s de 200 municipios dos horas despu\u00e9s del cierre de los colegios electorales, pero ese plazo se prolong\u00f3 m\u00e1s de lo previsto.<\/p>\n<h3 style=\"text-align: justify;\">Preliminares dan victoria a fuerzas progresistas en Ecuador<\/h3>\n<p style=\"text-align: justify;\">\nEn tanto, Telesur report\u00f3 que los resultados preliminares de las elecciones seccionales para elegir a las autoridades locales, los miembros del Consejo de Participaci\u00f3n Ciudadana y Control Social (CPCCS) y el referendo constitucional dan una victoria a las fuerzas progresistas en las principales regiones de Ecuador.<\/p>\n<p style=\"text-align: justify;\">Seg\u00fan los primeros resultados publicados en la p\u00e1gina web del Consejo Nacional Electoral de Ecuador (CNE) el movimiento Revoluci\u00f3n Ciudadana (RC) lidera los escrutinios electorales en siete de las veintitr\u00e9s provincias en las que se eleg\u00eda prefecto y tambi\u00e9n para las alcald\u00edas de Quito y Guayaquil.<\/p>\n<p style=\"text-align: justify;\">Los candidatos de Revoluci\u00f3n Ciudadana est\u00e1n al frente del conteo de votos en algunas de las provincias de Pichincha, Guayas, Manab\u00ed y Azuay, adem\u00e1s de en Imbabura, Sucumb\u00edos y Santo Domingo de los Ts\u00e1chilas, refiri\u00f3 la Televisora.<\/p>\n<p style=\"text-align: justify;\">Con nuestro conteo r\u00e1pido, prefecturas de Guayas, Pichincha y Manab\u00ed aseguradas.<br \/>\nEn las tres provincias m\u00e1s pobladas del pa\u00eds vence la Revoluci\u00f3n Ciudadana.<br \/>\nQuito casi lista \u00a1Gracias Ecuador!, public\u00f3 por su parte en la red social Twitter el expresidente Rafael Correa.<\/p>\n<p style=\"text-align: justify;\">\n<p>&nbsp;<\/p>\n<p>&nbsp;<\/p>\n<h6>\u00daltimas Noticias\/Gr\u00e1fica: Cortes\u00eda<\/h6>\n","protected":false},"excerpt":{"rendered":"<p>Este lunes Ecuador se mantiene a la espera de los resultados definitivos de la jornada electoral de este domingo, cuando el 80% de los inscritos en el padr\u00f3n acudieron a&hellip; <\/p>\n","protected":false},"author":1,"featured_media":25019,"comment_status":"closed","ping_status":"closed","sticky":false,"template":"","format":"standard","meta":{"footnotes":""},"categories":[42],"tags":[],"class_list":["post-25018","post","type-post","status-publish","format-standard","has-post-thumbnail","hentry","category-mundo"],"_links":{"self":[{"href":"https:\/\/ciudadtrujillo.com\/index.php?rest_route=\/wp\/v2\/posts\/25018","targetHints":{"allow":["GET"]}}],"collection":[{"href":"https:\/\/ciudadtrujillo.com\/index.php?rest_route=\/wp\/v2\/posts"}],"about":[{"href":"https:\/\/ciudadtrujillo.com\/index.php?rest_route=\/wp\/v2\/types\/post"}],"author":[{"embeddable":true,"href":"https:\/\/ciudadtrujillo.com\/index.php?rest_route=\/wp\/v2\/users\/1"}],"replies":[{"embeddable":true,"href":"https:\/\/ciudadtrujillo.com\/index.php?rest_route=%2Fwp%2Fv2%2Fcomments&post=25018"}],"version-history":[{"count":1,"href":"https:\/\/ciudadtrujillo.com\/index.php?rest_route=\/wp\/v2\/posts\/25018\/revisions"}],"predecessor-version":[{"id":25020,"href":"https:\/\/ciudadtrujillo.com\/index.php?rest_route=\/wp\/v2\/posts\/25018\/revisions\/25020"}],"wp:featuredmedia":[{"embeddable":true,"href":"https:\/\/ciudadtrujillo.com\/index.php?rest_route=\/wp\/v2\/media\/25019"}],"wp:attachment":[{"href":"https:\/\/ciudadtrujillo.com\/index.php?rest_route=%2Fwp%2Fv2%2Fmedia&parent=25018"}],"wp:term":[{"taxonomy":"category","embeddable":true,"href":"https:\/\/ciudadtrujillo.com\/index.php?rest_route=%2Fwp%2Fv2%2Fcategories&post=25018"},{"taxonomy":"post_tag","embeddable":true,"href":"https:\/\/ciudadtrujillo.com\/index.php?rest_route=%2Fwp%2Fv2%2Ftags&post=25018"}],"curies":[{"name":"wp","href":"https:\/\/api.w.org\/{rel}","templated":true}]}}