{"id":24972,"date":"2023-02-06T09:25:17","date_gmt":"2023-02-06T13:25:17","guid":{"rendered":"http:\/\/ciudadtrujillo.com\/?p=24972"},"modified":"2023-02-06T09:25:17","modified_gmt":"2023-02-06T13:25:17","slug":"gobierno-bolivariano-entrega-rehabilitada-unidad-de-hemato-oncologia-en-ivss-de-valera","status":"publish","type":"post","link":"https:\/\/ciudadtrujillo.com\/?p=24972","title":{"rendered":"Gobierno Bolivariano entrega rehabilitada Unidad de Hemato-Oncolog\u00eda en Ivss de Valera"},"content":{"rendered":"<p style=\"text-align: justify;\">Como parte de los esfuerzos que el ejecutivo nacional y regional mantienen para fortalecer las pol\u00edticas de salud en el estado, recientemente se llev\u00f3 a cabo en Valera la entrega de la Unidad de Hemato-Oncolog\u00eda del Hospital Juan Montezuma Ginnari de La Betariz, adscrito al Instituto Venezolano de los Seguros Sociales (Ivss), cuya rehabilitaci\u00f3n forma parte del compromiso bolivariano por recuperar los centros asistenciales de la entidad y ofrecer un servicio \u00f3ptimo a los pacientes.<\/p>\n<p style=\"text-align: justify;\">Al respecto, la primera combatiente Reyna P\u00e9rez de M\u00e1rquez se\u00f1al\u00f3 que la rehabilitaci\u00f3n viene a favorecer a los pacientes oncol\u00f3gicos que requieren de una atenci\u00f3n de calidad. \u00abEstamos regal\u00e1ndole al estado Trujillo esta \u00e1rea que cuenta con ocho sillas para atender a ocho pacientes en la ma\u00f1ana y la misma cantidad en la tarde para un total de 16 pacientes a diario que necesitan hacerse sus quimioterapias\u00bb, dijo.<\/p>\n<p style=\"text-align: justify;\">P\u00e9rez de M\u00e1rquez detall\u00f3 que tambi\u00e9n se adquiri\u00f3 una l\u00e1mpara en la que se preparan los qu\u00edmicos para las quimioterapias de cada paciente. \u00abAgradecemos a nuestro Presidente Nicol\u00e1s Maduro, a la ministra de Salud Magaly Guti\u00e9rrez y al gobernador My. Gerardo M\u00e1rquez quienes vienen trabajando para fortalecer el sistema de salud del estado Trujillo\u00bb, destac\u00f3.<\/p>\n<p style=\"text-align: justify;\">Por su parte, la autoridad \u00fanica de Salud en el estado, Dra. Yadira Pereira indic\u00f3 que en en la sala oncol\u00f3gica reci\u00e9n rehabilitada prestar\u00e1 su servicio a todos los pacientes que requieran hacerse un tratamiento con quimioterapia, \u00abtambi\u00e9n van a tener la farmacia de altos costos donde van a ser dispensados los medicamentos a estos pacientes de forma gratuita y con toda la confiabilidad de que son medicamentos altamente efectivos\u00bb.<\/p>\n<p style=\"text-align: justify;\">Recalc\u00f3 que estas acciones vienen a respaldar parte del trabajo que se viene haciendo en el Hospital Universitario Dr. Pedro Emilio Carrillo desde hace varios a\u00f1os, \u00abestamos como una sola familia en beneficio del pueblo, por eso siempre vamos a seguir reforzando el Sistema \u00danico de Salud\u00bb.<\/p>\n<p style=\"text-align: justify;\">Asimismo, la directora del Hospital Juan Montezuma Ginnari, Dra. Negly Dur\u00e1n afirm\u00f3 que el personal y los beneficiarios de este centro asistencial se sienten agradecidos con la rehabilitaci\u00f3n de \u00e9sta sala tan importante, \u00abmuchos pacientes no tienen c\u00f3mo cubrir una sesi\u00f3n de quimioterapia y aqu\u00ed ser\u00e1 totalmente gratuita\u00bb.<\/p>\n<p>&nbsp;<\/p>\n<p>&nbsp;<\/p>\n<h6>Yelimar Hidalgo\/Gr\u00e1fica: Fernando Chuecos<\/h6>\n","protected":false},"excerpt":{"rendered":"<p>Como parte de los esfuerzos que el ejecutivo nacional y regional mantienen para fortalecer las pol\u00edticas de salud en el estado, recientemente se llev\u00f3 a cabo en Valera la entrega&hellip; <\/p>\n","protected":false},"author":1,"featured_media":24973,"comment_status":"closed","ping_status":"closed","sticky":false,"template":"","format":"standard","meta":{"footnotes":""},"categories":[52,40],"tags":[],"class_list":["post-24972","post","type-post","status-publish","format-standard","has-post-thumbnail","hentry","category-destacadas","category-grantrujillo"],"_links":{"self":[{"href":"https:\/\/ciudadtrujillo.com\/index.php?rest_route=\/wp\/v2\/posts\/24972","targetHints":{"allow":["GET"]}}],"collection":[{"href":"https:\/\/ciudadtrujillo.com\/index.php?rest_route=\/wp\/v2\/posts"}],"about":[{"href":"https:\/\/ciudadtrujillo.com\/index.php?rest_route=\/wp\/v2\/types\/post"}],"author":[{"embeddable":true,"href":"https:\/\/ciudadtrujillo.com\/index.php?rest_route=\/wp\/v2\/users\/1"}],"replies":[{"embeddable":true,"href":"https:\/\/ciudadtrujillo.com\/index.php?rest_route=%2Fwp%2Fv2%2Fcomments&post=24972"}],"version-history":[{"count":1,"href":"https:\/\/ciudadtrujillo.com\/index.php?rest_route=\/wp\/v2\/posts\/24972\/revisions"}],"predecessor-version":[{"id":24974,"href":"https:\/\/ciudadtrujillo.com\/index.php?rest_route=\/wp\/v2\/posts\/24972\/revisions\/24974"}],"wp:featuredmedia":[{"embeddable":true,"href":"https:\/\/ciudadtrujillo.com\/index.php?rest_route=\/wp\/v2\/media\/24973"}],"wp:attachment":[{"href":"https:\/\/ciudadtrujillo.com\/index.php?rest_route=%2Fwp%2Fv2%2Fmedia&parent=24972"}],"wp:term":[{"taxonomy":"category","embeddable":true,"href":"https:\/\/ciudadtrujillo.com\/index.php?rest_route=%2Fwp%2Fv2%2Fcategories&post=24972"},{"taxonomy":"post_tag","embeddable":true,"href":"https:\/\/ciudadtrujillo.com\/index.php?rest_route=%2Fwp%2Fv2%2Ftags&post=24972"}],"curies":[{"name":"wp","href":"https:\/\/api.w.org\/{rel}","templated":true}]}}