{"id":24969,"date":"2023-02-06T09:24:06","date_gmt":"2023-02-06T13:24:06","guid":{"rendered":"http:\/\/ciudadtrujillo.com\/?p=24969"},"modified":"2023-02-06T09:24:06","modified_gmt":"2023-02-06T13:24:06","slug":"un-total-de-130-galardones-fueron-entregados-a-los-trujillanos-durante-la-ii-gala-deportiva","status":"publish","type":"post","link":"https:\/\/ciudadtrujillo.com\/?p=24969","title":{"rendered":"Un total de 130 galardones fueron entregados a los trujillanos durante la II Gala Deportiva"},"content":{"rendered":"<p style=\"text-align: justify;\">Tal como estaba previsto, desde la Concha Ac\u00fastica el Instituto Aut\u00f3nomo Municipal de Deportes (Iamd) de la Alcald\u00eda de Trujillo desarroll\u00f3 la II Gala Deportiva en la jurisdicci\u00f3n, un evento que reuni\u00f3 a los atletas y entrenadores de la localidad para honrar su destacada trayectoria y actuaci\u00f3n en las diferentes disciplinas.<\/p>\n<p style=\"text-align: justify;\">Al respecto, el presidente del Iamd, Jos\u00e9 Linares, asegur\u00f3 que esta actividad permiti\u00f3 homenajear a todos aquellos deportistas e instituciones que est\u00e1n involucrados en el \u00e1mbito deportivo de las diversas academias de f\u00fatbol, voleibol, b\u00e1squet, k\u00e1rate, nataci\u00f3n, entre otras. \u00abFueron un total de 130 galardonados en esta fiesta que honra todo el esfuerzo y sacrificio que hicieron durante el a\u00f1o 2022 en las diferentes disciplinas\u00bb, dijo.<\/p>\n<p style=\"text-align: justify;\">Durante el acto, Alexander Godoy, presidente de la Academia de F\u00fatbol \u00abKuikas\u00bb, recibi\u00f3 el galard\u00f3n como mejor escuela de f\u00fatbol campo. Al respecto, se\u00f1al\u00f3 que en el municipio seguir\u00e1n trabajando de manera articulada por la masificaci\u00f3n deportiva, al tiempo que felicit\u00f3 a los organizadores del evento y al alcalde Carlos Ter\u00e1n por esta iniciativa que promueve la participaci\u00f3n e integraci\u00f3n de los ni\u00f1os y j\u00f3venes en el deporte.<\/p>\n<p style=\"text-align: justify;\">Por su parte, Brayan Calder\u00f3n, acreedor del galard\u00f3n como mejor atleta en la categor\u00eda f\u00fatbol sala &#8211; adulto, agradeci\u00f3 por la entrega del premio en reconocimiento a su esfuerzo y dedicaci\u00f3n e invit\u00f3 a los trujillanos a seguir luchando por sus sue\u00f1os.<\/p>\n<p>&nbsp;<\/p>\n<p>&nbsp;<\/p>\n<h6>Alcald\u00eda de Trujillo\/Gr\u00e1fica: Cortes\u00eda<\/h6>\n","protected":false},"excerpt":{"rendered":"<p>Tal como estaba previsto, desde la Concha Ac\u00fastica el Instituto Aut\u00f3nomo Municipal de Deportes (Iamd) de la Alcald\u00eda de Trujillo desarroll\u00f3 la II Gala Deportiva en la jurisdicci\u00f3n, un evento&hellip; <\/p>\n","protected":false},"author":1,"featured_media":24970,"comment_status":"closed","ping_status":"closed","sticky":false,"template":"","format":"standard","meta":{"footnotes":""},"categories":[40],"tags":[],"class_list":["post-24969","post","type-post","status-publish","format-standard","has-post-thumbnail","hentry","category-grantrujillo"],"_links":{"self":[{"href":"https:\/\/ciudadtrujillo.com\/index.php?rest_route=\/wp\/v2\/posts\/24969","targetHints":{"allow":["GET"]}}],"collection":[{"href":"https:\/\/ciudadtrujillo.com\/index.php?rest_route=\/wp\/v2\/posts"}],"about":[{"href":"https:\/\/ciudadtrujillo.com\/index.php?rest_route=\/wp\/v2\/types\/post"}],"author":[{"embeddable":true,"href":"https:\/\/ciudadtrujillo.com\/index.php?rest_route=\/wp\/v2\/users\/1"}],"replies":[{"embeddable":true,"href":"https:\/\/ciudadtrujillo.com\/index.php?rest_route=%2Fwp%2Fv2%2Fcomments&post=24969"}],"version-history":[{"count":1,"href":"https:\/\/ciudadtrujillo.com\/index.php?rest_route=\/wp\/v2\/posts\/24969\/revisions"}],"predecessor-version":[{"id":24971,"href":"https:\/\/ciudadtrujillo.com\/index.php?rest_route=\/wp\/v2\/posts\/24969\/revisions\/24971"}],"wp:featuredmedia":[{"embeddable":true,"href":"https:\/\/ciudadtrujillo.com\/index.php?rest_route=\/wp\/v2\/media\/24970"}],"wp:attachment":[{"href":"https:\/\/ciudadtrujillo.com\/index.php?rest_route=%2Fwp%2Fv2%2Fmedia&parent=24969"}],"wp:term":[{"taxonomy":"category","embeddable":true,"href":"https:\/\/ciudadtrujillo.com\/index.php?rest_route=%2Fwp%2Fv2%2Fcategories&post=24969"},{"taxonomy":"post_tag","embeddable":true,"href":"https:\/\/ciudadtrujillo.com\/index.php?rest_route=%2Fwp%2Fv2%2Ftags&post=24969"}],"curies":[{"name":"wp","href":"https:\/\/api.w.org\/{rel}","templated":true}]}}