{"id":24963,"date":"2023-02-02T21:40:51","date_gmt":"2023-02-03T01:40:51","guid":{"rendered":"http:\/\/ciudadtrujillo.com\/?p=24963"},"modified":"2023-02-02T21:40:51","modified_gmt":"2023-02-03T01:40:51","slug":"my-frang-morales-la-rebelion-del-4f-ayudo-a-echar-por-tierra-la-tesis-del-neoliberalismo","status":"publish","type":"post","link":"https:\/\/ciudadtrujillo.com\/?p=24963","title":{"rendered":"My. Frang Morales: La rebeli\u00f3n del 4F ayud\u00f3 a echar por tierra la tesis del neoliberalismo"},"content":{"rendered":"<p style=\"text-align: justify;\">Este jueves, el diputado a la Asamblea Nacional y combatiente del 4F, My. Frang Morales, particip\u00f3 como orador en los actos con motivo del 31\u00b0 aniversario del D\u00eda de la Dignidad Nacional, en conmemoraci\u00f3n de aquella insurgencia militar liderada por el Comandante Hugo Ch\u00e1vez que represent\u00f3 el despertar patriota de un pueblo para la refundaci\u00f3n de la naci\u00f3n desde el sentimiento bolivariano.<\/p>\n<p style=\"text-align: justify;\">\n<p style=\"text-align: justify;\">\u201cEse 4F salimos en rebeli\u00f3n porque ten\u00edamos un compromiso y porque hicimos un juramento, porque somos hombres de palabra y hombres de honor (\u2026) esta rebeli\u00f3n ayud\u00f3 a echar por tierra la tesis del pensamiento \u00fanico y del neoliberalismo\u201d, enfatiz\u00f3.<\/p>\n<p style=\"text-align: justify;\">\n<p style=\"text-align: justify;\">Morales destac\u00f3 que la insurrecci\u00f3n militar del 4F tiene tres caracter\u00edsticas, la primera es la reivindicaci\u00f3n del pueblo en el que renaci\u00f3 la esperanza, la segunda es la transformaci\u00f3n del Estado venezolano para alcanzar la justicia social y la tercera es la actitud libertaria frente las arremetidas imperiales, porque \u201cesta rebeli\u00f3n tuvo tanta fuerza que traspas\u00f3 las fronteras y despert\u00f3 los pueblos que estaban adormecidos\u201d.<\/p>\n<p style=\"text-align: justify;\">\n<p style=\"text-align: justify;\">\u201cMientras haya un excluido clamando justicia estar\u00e1 presente el esp\u00edritu del 4F, porque esta rebeli\u00f3n es para hoy, ma\u00f1ana y siempre\u201d, sentenci\u00f3 el diputado a la Asamblea Nacional.<\/p>\n<p>&nbsp;<\/p>\n<p>&nbsp;<\/p>\n<h6>Yelimar Hidalgo\/Gr\u00e1ficas: Fernando Chuecos<\/h6>\n","protected":false},"excerpt":{"rendered":"<p>Este jueves, el diputado a la Asamblea Nacional y combatiente del 4F, My. Frang Morales, particip\u00f3 como orador en los actos con motivo del 31\u00b0 aniversario del D\u00eda de la&hellip; <\/p>\n","protected":false},"author":1,"featured_media":24964,"comment_status":"closed","ping_status":"closed","sticky":false,"template":"","format":"standard","meta":{"footnotes":""},"categories":[40],"tags":[],"class_list":["post-24963","post","type-post","status-publish","format-standard","has-post-thumbnail","hentry","category-grantrujillo"],"_links":{"self":[{"href":"https:\/\/ciudadtrujillo.com\/index.php?rest_route=\/wp\/v2\/posts\/24963","targetHints":{"allow":["GET"]}}],"collection":[{"href":"https:\/\/ciudadtrujillo.com\/index.php?rest_route=\/wp\/v2\/posts"}],"about":[{"href":"https:\/\/ciudadtrujillo.com\/index.php?rest_route=\/wp\/v2\/types\/post"}],"author":[{"embeddable":true,"href":"https:\/\/ciudadtrujillo.com\/index.php?rest_route=\/wp\/v2\/users\/1"}],"replies":[{"embeddable":true,"href":"https:\/\/ciudadtrujillo.com\/index.php?rest_route=%2Fwp%2Fv2%2Fcomments&post=24963"}],"version-history":[{"count":1,"href":"https:\/\/ciudadtrujillo.com\/index.php?rest_route=\/wp\/v2\/posts\/24963\/revisions"}],"predecessor-version":[{"id":24965,"href":"https:\/\/ciudadtrujillo.com\/index.php?rest_route=\/wp\/v2\/posts\/24963\/revisions\/24965"}],"wp:featuredmedia":[{"embeddable":true,"href":"https:\/\/ciudadtrujillo.com\/index.php?rest_route=\/wp\/v2\/media\/24964"}],"wp:attachment":[{"href":"https:\/\/ciudadtrujillo.com\/index.php?rest_route=%2Fwp%2Fv2%2Fmedia&parent=24963"}],"wp:term":[{"taxonomy":"category","embeddable":true,"href":"https:\/\/ciudadtrujillo.com\/index.php?rest_route=%2Fwp%2Fv2%2Fcategories&post=24963"},{"taxonomy":"post_tag","embeddable":true,"href":"https:\/\/ciudadtrujillo.com\/index.php?rest_route=%2Fwp%2Fv2%2Ftags&post=24963"}],"curies":[{"name":"wp","href":"https:\/\/api.w.org\/{rel}","templated":true}]}}