{"id":24959,"date":"2023-02-02T21:37:13","date_gmt":"2023-02-03T01:37:13","guid":{"rendered":"http:\/\/ciudadtrujillo.com\/?p=24959"},"modified":"2023-02-02T21:37:13","modified_gmt":"2023-02-03T01:37:13","slug":"trujillo-conmemora-31-anos-del-resurgir-de-la-patria","status":"publish","type":"post","link":"https:\/\/ciudadtrujillo.com\/?p=24959","title":{"rendered":"Trujillo conmemora 31 a\u00f1os del resurgir de la Patria"},"content":{"rendered":"<p style=\"text-align: justify;\">\n<p style=\"text-align: justify;\">En presencia de las fuerzas vivas y combatientes de la Revoluci\u00f3n Bolivariana, desde el patio de honor del 222 Batall\u00f3n de Infanter\u00eda Motorizada \u00abCnel. Luis Mar\u00eda Rivas D\u00e1vila\u00bb se llev\u00f3 a cabo el acto c\u00edvico-militar en conmemoraci\u00f3n de los 31 a\u00f1os de la Rebeli\u00f3n del 4F conocida como el D\u00eda de la Dignidad Nacional que concedi\u00f3 al pueblo venezolano el resurgir de la Patria.<\/p>\n<p style=\"text-align: justify;\">\n<p style=\"text-align: justify;\">Al respecto, el gobernador del estado Trujillo, My. Gerardo M\u00e1rquez, destac\u00f3 que la rebeld\u00eda se manifest\u00f3 hace 31 a\u00f1os en un grupo de hombres en armas \u201cque sali\u00f3 a decirle al mundo que en Venezuela hab\u00eda patriotas y quer\u00edamos libertad e independencia\u201d. Tambi\u00e9n, el mandatario regional rememor\u00f3 los encuentros sostenidos en el Batall\u00f3n de Infanter\u00eda Motorizada \u00abCnel. Luis Mar\u00eda Rivas D\u00e1vila\u00bb con el Comandante Hugo Ch\u00e1vez durante la preparaci\u00f3n de la orden de operaciones Ezequiel Zamora, \u201ceste lugar ten\u00eda una importante responsabilidad aquel 4 de febrero\u201d.<\/p>\n<p style=\"text-align: justify;\">\n<p style=\"text-align: justify;\">Destac\u00f3 que 31 a\u00f1os despu\u00e9s, los trujillanos herederos del legado del Comandante Eterno reconocen que la Fuerza Armada Nacional Bolivariana es el pueblo en armas. \u201cAquel 4F vali\u00f3 la pena (\u2026) mi Comandante Ch\u00e1vez, no te equivocaste, aqu\u00ed estamos rodilla en tierra, con el arma al hombro para defender la dignidad de la naci\u00f3n\u201d.<\/p>\n<p style=\"text-align: justify;\">\n<p style=\"text-align: justify;\">M\u00e1rquez asegur\u00f3 que aquel \u201cPor Ahora\u201d, sigue m\u00e1s vigente que nunca siendo un \u201cPara Siempre\u201d con el pueblo en la calle defendiendo, con el orgullo de ser hijos de Bol\u00edvar y de Ch\u00e1vez, \u201ccon el legado de querer tener una patria libre, independiente y soberana\u201d. Asimismo, enfatiz\u00f3: \u201cHoy tenemos un dirigencia pol\u00edtica altamente moralizada y movilizada (\u2026) en el terreno en que la oposici\u00f3n quiera, ah\u00ed estar\u00e1 el chavismo enfrent\u00e1ndola\u201d.<\/p>\n<p>&nbsp;<\/p>\n<p>&nbsp;<\/p>\n<h6>Yelimar Hidalgo\/Gr\u00e1ficas: Fernando Chuecos<\/h6>\n","protected":false},"excerpt":{"rendered":"<p>En presencia de las fuerzas vivas y combatientes de la Revoluci\u00f3n Bolivariana, desde el patio de honor del 222 Batall\u00f3n de Infanter\u00eda Motorizada \u00abCnel. Luis Mar\u00eda Rivas D\u00e1vila\u00bb se llev\u00f3&hellip; <\/p>\n","protected":false},"author":1,"featured_media":24960,"comment_status":"closed","ping_status":"closed","sticky":false,"template":"","format":"standard","meta":{"footnotes":""},"categories":[52,40],"tags":[],"class_list":["post-24959","post","type-post","status-publish","format-standard","has-post-thumbnail","hentry","category-destacadas","category-grantrujillo"],"_links":{"self":[{"href":"https:\/\/ciudadtrujillo.com\/index.php?rest_route=\/wp\/v2\/posts\/24959","targetHints":{"allow":["GET"]}}],"collection":[{"href":"https:\/\/ciudadtrujillo.com\/index.php?rest_route=\/wp\/v2\/posts"}],"about":[{"href":"https:\/\/ciudadtrujillo.com\/index.php?rest_route=\/wp\/v2\/types\/post"}],"author":[{"embeddable":true,"href":"https:\/\/ciudadtrujillo.com\/index.php?rest_route=\/wp\/v2\/users\/1"}],"replies":[{"embeddable":true,"href":"https:\/\/ciudadtrujillo.com\/index.php?rest_route=%2Fwp%2Fv2%2Fcomments&post=24959"}],"version-history":[{"count":1,"href":"https:\/\/ciudadtrujillo.com\/index.php?rest_route=\/wp\/v2\/posts\/24959\/revisions"}],"predecessor-version":[{"id":24962,"href":"https:\/\/ciudadtrujillo.com\/index.php?rest_route=\/wp\/v2\/posts\/24959\/revisions\/24962"}],"wp:featuredmedia":[{"embeddable":true,"href":"https:\/\/ciudadtrujillo.com\/index.php?rest_route=\/wp\/v2\/media\/24960"}],"wp:attachment":[{"href":"https:\/\/ciudadtrujillo.com\/index.php?rest_route=%2Fwp%2Fv2%2Fmedia&parent=24959"}],"wp:term":[{"taxonomy":"category","embeddable":true,"href":"https:\/\/ciudadtrujillo.com\/index.php?rest_route=%2Fwp%2Fv2%2Fcategories&post=24959"},{"taxonomy":"post_tag","embeddable":true,"href":"https:\/\/ciudadtrujillo.com\/index.php?rest_route=%2Fwp%2Fv2%2Ftags&post=24959"}],"curies":[{"name":"wp","href":"https:\/\/api.w.org\/{rel}","templated":true}]}}