{"id":24956,"date":"2023-02-02T21:34:24","date_gmt":"2023-02-03T01:34:24","guid":{"rendered":"http:\/\/ciudadtrujillo.com\/?p=24956"},"modified":"2023-02-02T21:34:24","modified_gmt":"2023-02-03T01:34:24","slug":"realizan-feria-agrofamiliar-en-el-municipio-bocono","status":"publish","type":"post","link":"https:\/\/ciudadtrujillo.com\/?p=24956","title":{"rendered":"Realizan feria agrofamiliar en el municipio Bocon\u00f3"},"content":{"rendered":"<p style=\"text-align: justify;\">La Direcci\u00f3n de Desarrollo Agroecol\u00f3gico, liderada por el ingeniero, Carlos Gil contin\u00faa desplegada con las ferias agrofamiliares en los diversos municipios de la entidad, en esta oportunidad favorecieron a 105 familias de la comunidad Nuestra Se\u00f1ora del Carmen en Bocon\u00f3 con la venta de verduras, hortalizas, frutas y l\u00e1cteos a costos considerables.<\/p>\n<p style=\"text-align: justify;\">En este sentido, el jefe del Eje de Desarrollo Agroecol\u00f3gico, N\u00e9stor Asuaje, inform\u00f3 que las familias fueron favorecidas con la venta de 450 kilogramos de rubros. Adem\u00e1s, se atendieron organismos como el Servicio Administrativo de Protecci\u00f3n del Ni\u00f1o, Ni\u00f1a y Adolescente del estado Trujillo (Sapnnaet), el Instituto de la Mujer en la entidad (Imet) y otros.<\/p>\n<p style=\"text-align: justify;\">Asimismo, Asuaje mencion\u00f3 los respectivos rubros que ofrecieron a la poblaci\u00f3n como papa, zanahoria, cebolla, t\u00f3mate, piment\u00f3n, ceboll\u00edn, lechuga, pl\u00e1tano, yuca, lechosa, guayaba, coco, auyama y l\u00e1cteos (leche de vaca).<\/p>\n<p>&nbsp;<\/p>\n<p>&nbsp;<\/p>\n<h6>Rossiel Hurtado\/Gr\u00e1ficas: Cortes\u00eda<\/h6>\n","protected":false},"excerpt":{"rendered":"<p>La Direcci\u00f3n de Desarrollo Agroecol\u00f3gico, liderada por el ingeniero, Carlos Gil contin\u00faa desplegada con las ferias agrofamiliares en los diversos municipios de la entidad, en esta oportunidad favorecieron a 105&hellip; <\/p>\n","protected":false},"author":1,"featured_media":24957,"comment_status":"closed","ping_status":"closed","sticky":false,"template":"","format":"standard","meta":{"footnotes":""},"categories":[40],"tags":[],"class_list":["post-24956","post","type-post","status-publish","format-standard","has-post-thumbnail","hentry","category-grantrujillo"],"_links":{"self":[{"href":"https:\/\/ciudadtrujillo.com\/index.php?rest_route=\/wp\/v2\/posts\/24956","targetHints":{"allow":["GET"]}}],"collection":[{"href":"https:\/\/ciudadtrujillo.com\/index.php?rest_route=\/wp\/v2\/posts"}],"about":[{"href":"https:\/\/ciudadtrujillo.com\/index.php?rest_route=\/wp\/v2\/types\/post"}],"author":[{"embeddable":true,"href":"https:\/\/ciudadtrujillo.com\/index.php?rest_route=\/wp\/v2\/users\/1"}],"replies":[{"embeddable":true,"href":"https:\/\/ciudadtrujillo.com\/index.php?rest_route=%2Fwp%2Fv2%2Fcomments&post=24956"}],"version-history":[{"count":1,"href":"https:\/\/ciudadtrujillo.com\/index.php?rest_route=\/wp\/v2\/posts\/24956\/revisions"}],"predecessor-version":[{"id":24958,"href":"https:\/\/ciudadtrujillo.com\/index.php?rest_route=\/wp\/v2\/posts\/24956\/revisions\/24958"}],"wp:featuredmedia":[{"embeddable":true,"href":"https:\/\/ciudadtrujillo.com\/index.php?rest_route=\/wp\/v2\/media\/24957"}],"wp:attachment":[{"href":"https:\/\/ciudadtrujillo.com\/index.php?rest_route=%2Fwp%2Fv2%2Fmedia&parent=24956"}],"wp:term":[{"taxonomy":"category","embeddable":true,"href":"https:\/\/ciudadtrujillo.com\/index.php?rest_route=%2Fwp%2Fv2%2Fcategories&post=24956"},{"taxonomy":"post_tag","embeddable":true,"href":"https:\/\/ciudadtrujillo.com\/index.php?rest_route=%2Fwp%2Fv2%2Ftags&post=24956"}],"curies":[{"name":"wp","href":"https:\/\/api.w.org\/{rel}","templated":true}]}}