{"id":24953,"date":"2023-02-02T21:32:02","date_gmt":"2023-02-03T01:32:02","guid":{"rendered":"http:\/\/ciudadtrujillo.com\/?p=24953"},"modified":"2023-02-02T21:32:02","modified_gmt":"2023-02-03T01:32:02","slug":"instalan-nuevo-equipo-politico-estadal-del-psuv-trujillo","status":"publish","type":"post","link":"https:\/\/ciudadtrujillo.com\/?p=24953","title":{"rendered":"Instalan nuevo equipo pol\u00edtico estadal del PSUV Trujillo"},"content":{"rendered":"<p style=\"text-align: justify;\">La fuerza organizativa del Partido Socialista Unido de Venezuela (Psuv) se demostr\u00f3 en la instalaci\u00f3n y activaci\u00f3n formal del nuevo equipo pol\u00edtico estadal y municipal, en una actividad desarrollada en el Foro Bolivariano liderada por el enlace de la direcci\u00f3n nacional, diputado Pedro Carre\u00f1o, el coordinador regional, My. Gerardo M\u00e1rquez.<\/p>\n<p style=\"text-align: justify;\">En esta actividad se efectu\u00f3 la presentaci\u00f3n de esta direcci\u00f3n regional y la asignaci\u00f3n de las tareas para cada uno de ellos, incluyendo sus responsabilidades en los municipios.<\/p>\n<p style=\"text-align: justify;\">El enlace del Psuv, Pedro Carre\u00f1o, destac\u00f3 que se debe fortalecer la uni\u00f3n entre los diferentes niveles y que estas responsabilidades son un desaf\u00edo \u201cy debemos entender en su justa dimensi\u00f3n el momento que estamos viviendo\u201d. Exalt\u00f3 la importancia de la formaci\u00f3n permanente y sobre la firme posici\u00f3n a adoptar ante el asedio imperial. \u201cTenemos que reaccionar en defensa de nuestra dignidad\u00bb, dijo.<\/p>\n<p style=\"text-align: justify;\">Detall\u00f3 que se deben hacer las propuestas para conformar equipos municipales y a su vez los parroquiales.<\/p>\n<p style=\"text-align: justify;\">El gobernador My. Gerardo M\u00e1rquez explic\u00f3 que \u201ces un equipo pol\u00edtico que empez\u00f3 a trabajar duro desde que fueron designados, con las personas que han sido postuladas, tanto para los municipales y parroquiales como para los de la Juventud del Psuv (\u2026) se han escogido a las y los mejores, se ve amplitud que hay, la juventud con la experiencia. Tenemos un equipo altamente moralizado y movilizado, demostrado en la \u00faltima marcha (\u2026) esto es para reconstrucci\u00f3n del Psuv\u201d.<\/p>\n<p style=\"text-align: justify;\">La juramentaci\u00f3n de los equipos, el regional, los municipales y los parroquiales, se desarrollar\u00e1 el 23 de febrero con la presencia del primer vicepresidente del partido, Diosdado Cabello.<\/p>\n<p style=\"text-align: justify;\">\n<p style=\"text-align: justify;\"><strong>La direcci\u00f3n del partido de Ch\u00e1vez qued\u00f3 de la siguiente manera:<\/strong><\/p>\n<p style=\"text-align: justify;\">\nPedro Miguel Carre\u00f1o Escobar<br \/>\nEnlace<\/p>\n<p style=\"text-align: justify;\">\nGerardo Alfredo M\u00e1rquez<br \/>\nGobernador<\/p>\n<p style=\"text-align: justify;\">Alfredy Jos\u00e9 Moreno Silva<\/p>\n<p style=\"text-align: justify;\">Secretar\u00eda<\/p>\n<p style=\"text-align: justify;\">\nGioconda Josefina Quevedo Berrios<br \/>\nOrganizaci\u00f3n<\/p>\n<p style=\"text-align: justify;\">\nFrancisco Jos\u00e9 Garc\u00eda Valero<br \/>\nAgitaci\u00f3n Propaganda Y Comunicaci\u00f3n<\/p>\n<p style=\"text-align: justify;\">\nRa\u00fal Armando P\u00e9rez Cols<br \/>\nElectoral<\/p>\n<p style=\"text-align: justify;\">\nOrlando Javier P\u00e9rez P\u00e9rez<br \/>\nFormaci\u00f3n<\/p>\n<p style=\"text-align: justify;\">\nMar\u00eda Cleotilde Avenda\u00f1o<br \/>\nMujeres<\/p>\n<p style=\"text-align: justify;\">Daniel Alberto Carre\u00f1o Escobar<br \/>\nTrabajadores<\/p>\n<p style=\"text-align: justify;\">\nLuz Del Valle Castillo Gonz\u00e1lez<br \/>\nAsuntos Internacionales<\/p>\n<p style=\"text-align: justify;\">N\u00e9stor Jos\u00e9 Delgado Serrano<\/p>\n<p style=\"text-align: justify;\">\n<strong>Comunas<\/strong><\/p>\n<p style=\"text-align: justify;\">\nMichel Ivanhoe Duque Bastidas<br \/>\nMovilizaci\u00f3n Y Eventos<\/p>\n<p style=\"text-align: justify;\">Jos\u00e9 Luis Torrealba Moreno<br \/>\nMovimientos Sociales<\/p>\n<p style=\"text-align: justify;\">\nLeonel Reinaldo Ru\u00edz Segovia<br \/>\nAsuntos Regionales Y Municipales<\/p>\n<p style=\"text-align: justify;\">\nJanet del Valle Araujo Villanueva<\/p>\n<p style=\"text-align: justify;\">\n<strong>Asuntos Religiosos<\/strong><\/p>\n<p style=\"text-align: justify;\">\nCristin Paoli Chirinos M\u00e1rquez<br \/>\nJuventud<\/p>\n<p style=\"text-align: justify;\">Ang\u00e9lica Mar\u00eda Mor\u00f3n Aldana<br \/>\nMisiones y Grandes Misiones<\/p>\n<p style=\"text-align: justify;\">Jos\u00e9 Apolinar Sabino Guevara<\/p>\n<p style=\"text-align: justify;\">Defensa Integral de la Naci\u00f3n<\/p>\n<p style=\"text-align: justify;\">\nYughatsy Yurisbet Colina Jaramillo<\/p>\n<p style=\"text-align: justify;\"><strong>Finanzas<\/strong><\/p>\n<p style=\"text-align: justify;\">\nLydia Beatriz M\u00e1rquez de Ben\u00edtez<\/p>\n<p style=\"text-align: justify;\"><strong>Econom\u00eda Productiva<\/strong><\/p>\n<p style=\"text-align: justify;\">\nDarlin Jos\u00e9 Moreno Barreto<br \/>\nAsuntos Ind\u00edgenas<\/p>\n<p style=\"text-align: justify;\">\n<p style=\"text-align: justify;\">\n<strong>Enlaces Territoriales<\/strong><\/p>\n<p style=\"text-align: justify;\">Yolmar Jos\u00e9 Gudi\u00f1o Paradas<br \/>\nDaniel Alfonso Garc\u00eda<br \/>\nEdgar Jos\u00e9 Barreto Gonz\u00e1lez<br \/>\nH\u00e9ctor Alfonso Pe\u00f1a Linares<br \/>\nJos\u00e9 Gregorio Diaz Rosario<br \/>\nAlexander Jos\u00e9 Vargas Pe\u00f1a<br \/>\nCarlos Enrique Iglesias Montilla<br \/>\nFosi\u00f3n Atilo Machado Parales<br \/>\nJes\u00fas Abrahan Gonz\u00e1lez Barrios<\/p>\n<p style=\"text-align: justify;\">\n<strong>Directores pol\u00edticos<\/strong><\/p>\n<p style=\"text-align: justify;\">\nDaniel Enrique Pern\u00eda Trejo<\/p>\n<p style=\"text-align: justify;\">Jos\u00e9 Ram\u00f3n Reyes Carvajal<br \/>\nAngie Lismar Quintana Castillo<\/p>\n<p style=\"text-align: justify;\">Ender Alexander Montiel Montilla<br \/>\nSonia Silva<br \/>\nYelitza Karina Brice\u00f1o Rodr\u00edguez<br \/>\nIroschima Franchesca V\u00e1squez Montilla<br \/>\nKarem Gonz\u00e1lez<br \/>\nDennys David Gu\u00e9dez Mor\u00f3n<\/p>\n<p style=\"text-align: justify;\">\n<p>&nbsp;<\/p>\n<p>&nbsp;<\/p>\n<h6>Eliph Catalina Fern\u00e1ndez\/Gr\u00e1ficas: Fernando Chuecos<\/h6>\n","protected":false},"excerpt":{"rendered":"<p>La fuerza organizativa del Partido Socialista Unido de Venezuela (Psuv) se demostr\u00f3 en la instalaci\u00f3n y activaci\u00f3n formal del nuevo equipo pol\u00edtico estadal y municipal, en una actividad desarrollada en&hellip; <\/p>\n","protected":false},"author":1,"featured_media":24954,"comment_status":"closed","ping_status":"closed","sticky":false,"template":"","format":"standard","meta":{"footnotes":""},"categories":[40],"tags":[],"class_list":["post-24953","post","type-post","status-publish","format-standard","has-post-thumbnail","hentry","category-grantrujillo"],"_links":{"self":[{"href":"https:\/\/ciudadtrujillo.com\/index.php?rest_route=\/wp\/v2\/posts\/24953","targetHints":{"allow":["GET"]}}],"collection":[{"href":"https:\/\/ciudadtrujillo.com\/index.php?rest_route=\/wp\/v2\/posts"}],"about":[{"href":"https:\/\/ciudadtrujillo.com\/index.php?rest_route=\/wp\/v2\/types\/post"}],"author":[{"embeddable":true,"href":"https:\/\/ciudadtrujillo.com\/index.php?rest_route=\/wp\/v2\/users\/1"}],"replies":[{"embeddable":true,"href":"https:\/\/ciudadtrujillo.com\/index.php?rest_route=%2Fwp%2Fv2%2Fcomments&post=24953"}],"version-history":[{"count":1,"href":"https:\/\/ciudadtrujillo.com\/index.php?rest_route=\/wp\/v2\/posts\/24953\/revisions"}],"predecessor-version":[{"id":24955,"href":"https:\/\/ciudadtrujillo.com\/index.php?rest_route=\/wp\/v2\/posts\/24953\/revisions\/24955"}],"wp:featuredmedia":[{"embeddable":true,"href":"https:\/\/ciudadtrujillo.com\/index.php?rest_route=\/wp\/v2\/media\/24954"}],"wp:attachment":[{"href":"https:\/\/ciudadtrujillo.com\/index.php?rest_route=%2Fwp%2Fv2%2Fmedia&parent=24953"}],"wp:term":[{"taxonomy":"category","embeddable":true,"href":"https:\/\/ciudadtrujillo.com\/index.php?rest_route=%2Fwp%2Fv2%2Fcategories&post=24953"},{"taxonomy":"post_tag","embeddable":true,"href":"https:\/\/ciudadtrujillo.com\/index.php?rest_route=%2Fwp%2Fv2%2Ftags&post=24953"}],"curies":[{"name":"wp","href":"https:\/\/api.w.org\/{rel}","templated":true}]}}