{"id":24947,"date":"2023-02-02T21:26:18","date_gmt":"2023-02-03T01:26:18","guid":{"rendered":"http:\/\/ciudadtrujillo.com\/?p=24947"},"modified":"2023-02-02T21:26:18","modified_gmt":"2023-02-03T01:26:18","slug":"un-total-de-20-ninas-participaran-en-eleccion-de-la-reina-de-los-carnavales-de-la-frnstru","status":"publish","type":"post","link":"https:\/\/ciudadtrujillo.com\/?p=24947","title":{"rendered":"Un total de 20 ni\u00f1as participar\u00e1n en elecci\u00f3n de la reina de los carnavales de la Frnstru"},"content":{"rendered":"<p style=\"text-align: justify;\">Con la participaci\u00f3n de 20 ni\u00f1as en edades entre 7 a 10 a\u00f1os edad, quienes representar\u00e1n a los municipios del estado Trujillo, avanzan los preparativos de lo que ser\u00e1 la elecci\u00f3n de la reina de los Carnavales Felices y Seguros 2023, organizada por la Fundaci\u00f3n Regional \u201cEl Ni\u00f1o Sim\u00f3n\u201d Trujillo (Frnstru), liderada por la Lcda. Reyna P\u00e9rez de M\u00e1rquez y el apoyo del gobernador My. Gerardo M\u00e1rquez.<\/p>\n<p style=\"text-align: justify;\">Cada d\u00eda, las aspirantes se preparan en clases de oratoria, modelaje y danza, demostrando sus habilidades de cara a la elecci\u00f3n. Este viernes 2 se har\u00e1 una sesi\u00f3n de fotos. Para el d\u00eda martes 7 de febrero, se llevar\u00e1 a cabo la presentaci\u00f3n a la prensa.<\/p>\n<p style=\"text-align: justify;\">El d\u00eda m\u00e1s esperado para las ni\u00f1as es el viernes 10 en la elecci\u00f3n de las reinas en el Teatro Avenida del Colegio Salesiano a las 2 de la tarde con una gran presentaci\u00f3n y exposici\u00f3n de artistas regionales.<\/p>\n<p>&nbsp;<\/p>\n<p>&nbsp;<\/p>\n<h6>Prensa Gobierno Bolivariano del Estado Trujillo\/FRNSTRU\/Karelis Dur\u00e1n.<\/h6>\n","protected":false},"excerpt":{"rendered":"<p>Con la participaci\u00f3n de 20 ni\u00f1as en edades entre 7 a 10 a\u00f1os edad, quienes representar\u00e1n a los municipios del estado Trujillo, avanzan los preparativos de lo que ser\u00e1 la&hellip; <\/p>\n","protected":false},"author":1,"featured_media":24948,"comment_status":"closed","ping_status":"closed","sticky":false,"template":"","format":"standard","meta":{"footnotes":""},"categories":[40],"tags":[],"class_list":["post-24947","post","type-post","status-publish","format-standard","has-post-thumbnail","hentry","category-grantrujillo"],"_links":{"self":[{"href":"https:\/\/ciudadtrujillo.com\/index.php?rest_route=\/wp\/v2\/posts\/24947","targetHints":{"allow":["GET"]}}],"collection":[{"href":"https:\/\/ciudadtrujillo.com\/index.php?rest_route=\/wp\/v2\/posts"}],"about":[{"href":"https:\/\/ciudadtrujillo.com\/index.php?rest_route=\/wp\/v2\/types\/post"}],"author":[{"embeddable":true,"href":"https:\/\/ciudadtrujillo.com\/index.php?rest_route=\/wp\/v2\/users\/1"}],"replies":[{"embeddable":true,"href":"https:\/\/ciudadtrujillo.com\/index.php?rest_route=%2Fwp%2Fv2%2Fcomments&post=24947"}],"version-history":[{"count":1,"href":"https:\/\/ciudadtrujillo.com\/index.php?rest_route=\/wp\/v2\/posts\/24947\/revisions"}],"predecessor-version":[{"id":24949,"href":"https:\/\/ciudadtrujillo.com\/index.php?rest_route=\/wp\/v2\/posts\/24947\/revisions\/24949"}],"wp:featuredmedia":[{"embeddable":true,"href":"https:\/\/ciudadtrujillo.com\/index.php?rest_route=\/wp\/v2\/media\/24948"}],"wp:attachment":[{"href":"https:\/\/ciudadtrujillo.com\/index.php?rest_route=%2Fwp%2Fv2%2Fmedia&parent=24947"}],"wp:term":[{"taxonomy":"category","embeddable":true,"href":"https:\/\/ciudadtrujillo.com\/index.php?rest_route=%2Fwp%2Fv2%2Fcategories&post=24947"},{"taxonomy":"post_tag","embeddable":true,"href":"https:\/\/ciudadtrujillo.com\/index.php?rest_route=%2Fwp%2Fv2%2Ftags&post=24947"}],"curies":[{"name":"wp","href":"https:\/\/api.w.org\/{rel}","templated":true}]}}