{"id":24944,"date":"2023-02-02T21:09:35","date_gmt":"2023-02-03T01:09:35","guid":{"rendered":"http:\/\/ciudadtrujillo.com\/?p=24944"},"modified":"2023-02-02T21:09:35","modified_gmt":"2023-02-03T01:09:35","slug":"barrio-nuevo-barrio-tricolor-embellece-espacios-publicos-en-mendoza-del-valle-del-momboy","status":"publish","type":"post","link":"https:\/\/ciudadtrujillo.com\/?p=24944","title":{"rendered":"Barrio Nuevo Barrio Tricolor embellece espacios p\u00fablicos en Mendoza del Valle del Momboy"},"content":{"rendered":"<p style=\"text-align: justify;\">Son cinco los frentes desplegados para la rehabilitaci\u00f3n de espacios p\u00fablicos en San Pablo, parroquia Mendoza del Valle del Momboy del municipio Valera, como parte del Plan Vitrina de la Gran Misi\u00f3n Barrio Nuevo, Barrio Tricolor y los compromisos asumidos por el ministro de Obras P\u00fablicas, Ra\u00fal Paredes, y el gobernador de la entidad, My. Gerardo M\u00e1rquez, en el reciente Congreso de los Servicios P\u00fablicos, Cap\u00edtulo Trujillo.<\/p>\n<p style=\"text-align: justify;\">Grecia Rodr\u00edguez, coordinadora estadal de esta Misi\u00f3n, inform\u00f3 que las acciones se ejecutan gracias al Presidente Nicol\u00e1s Maduro, con pintura y rehabilitaci\u00f3n de estructuras como templos, viviendas y escuelas.<\/p>\n<p style=\"text-align: justify;\">Detall\u00f3 que el frente 1 se despleg\u00f3 en el Ambulatorio San Pablo con aplicaci\u00f3n de pintura en paredes interiores y exteriores y reparaci\u00f3n de paredes con filtraci\u00f3n. El frente 2 est\u00e1 en la Iglesia Cristiana Evang\u00e9lica \u00abSinai\u00bb tambi\u00e9n con pintura y rehabilitaci\u00f3n de la estructura, con un avance del 95%.<\/p>\n<p style=\"text-align: justify;\">Por otra parte con el frente 3 se efectu\u00f3 la aplicaci\u00f3n de pintura y elaboraci\u00f3n de un mural en el templo cat\u00f3lico San Pablo, mientras que el frente 4 trabaja en el embellecimiento de la U.E Rafael Urdaneta, con un avance del 90%.<\/p>\n<p style=\"text-align: justify;\">En cuanto a las viviendas son abordadas por el frente 5, con la pintura en sus fachadas.<\/p>\n<p>&nbsp;<\/p>\n<p>&nbsp;<\/p>\n<h6>Eliph Catalina Fern\u00e1ndez\/Gr\u00e1ficas: Cortes\u00eda<\/h6>\n","protected":false},"excerpt":{"rendered":"<p>Son cinco los frentes desplegados para la rehabilitaci\u00f3n de espacios p\u00fablicos en San Pablo, parroquia Mendoza del Valle del Momboy del municipio Valera, como parte del Plan Vitrina de la&hellip; <\/p>\n","protected":false},"author":1,"featured_media":24945,"comment_status":"closed","ping_status":"closed","sticky":false,"template":"","format":"standard","meta":{"footnotes":""},"categories":[40],"tags":[],"class_list":["post-24944","post","type-post","status-publish","format-standard","has-post-thumbnail","hentry","category-grantrujillo"],"_links":{"self":[{"href":"https:\/\/ciudadtrujillo.com\/index.php?rest_route=\/wp\/v2\/posts\/24944","targetHints":{"allow":["GET"]}}],"collection":[{"href":"https:\/\/ciudadtrujillo.com\/index.php?rest_route=\/wp\/v2\/posts"}],"about":[{"href":"https:\/\/ciudadtrujillo.com\/index.php?rest_route=\/wp\/v2\/types\/post"}],"author":[{"embeddable":true,"href":"https:\/\/ciudadtrujillo.com\/index.php?rest_route=\/wp\/v2\/users\/1"}],"replies":[{"embeddable":true,"href":"https:\/\/ciudadtrujillo.com\/index.php?rest_route=%2Fwp%2Fv2%2Fcomments&post=24944"}],"version-history":[{"count":1,"href":"https:\/\/ciudadtrujillo.com\/index.php?rest_route=\/wp\/v2\/posts\/24944\/revisions"}],"predecessor-version":[{"id":24946,"href":"https:\/\/ciudadtrujillo.com\/index.php?rest_route=\/wp\/v2\/posts\/24944\/revisions\/24946"}],"wp:featuredmedia":[{"embeddable":true,"href":"https:\/\/ciudadtrujillo.com\/index.php?rest_route=\/wp\/v2\/media\/24945"}],"wp:attachment":[{"href":"https:\/\/ciudadtrujillo.com\/index.php?rest_route=%2Fwp%2Fv2%2Fmedia&parent=24944"}],"wp:term":[{"taxonomy":"category","embeddable":true,"href":"https:\/\/ciudadtrujillo.com\/index.php?rest_route=%2Fwp%2Fv2%2Fcategories&post=24944"},{"taxonomy":"post_tag","embeddable":true,"href":"https:\/\/ciudadtrujillo.com\/index.php?rest_route=%2Fwp%2Fv2%2Ftags&post=24944"}],"curies":[{"name":"wp","href":"https:\/\/api.w.org\/{rel}","templated":true}]}}