{"id":24941,"date":"2023-02-02T21:05:34","date_gmt":"2023-02-03T01:05:34","guid":{"rendered":"http:\/\/ciudadtrujillo.com\/?p=24941"},"modified":"2023-02-02T21:05:34","modified_gmt":"2023-02-03T01:05:34","slug":"clet-aprueba-recursos-para-atender-vias-afectadas-por-lluvias-en-el-estado","status":"publish","type":"post","link":"https:\/\/ciudadtrujillo.com\/?p=24941","title":{"rendered":"CLET aprueba recursos para atender v\u00edas afectadas por lluvias en el estado"},"content":{"rendered":"<p style=\"text-align: justify;\">Desde el Sal\u00f3n de Sesiones \u00abFabricio Ojeda\u00bb del Consejo Legislativo del estado Trujillo (CLET), las y los parlamentarios desarrollaron con \u00e9xito la Sesi\u00f3n Ordinaria N\u00b002 , en la cual se aprobaron diversos cr\u00e9ditos adicionales, destinados a la mejora y recuperaci\u00f3n de la vialidad en la entidad trujillana.<\/p>\n<p style=\"text-align: justify;\">En tal sentido, el legislador Carlos Iglesias, presidente del Clet expres\u00f3: \u00abCon el mayor compromiso aprobamos estos recursos que ir\u00e1n a multiplicar el gran trabajo que viene desarrollando nuestro gobernador y l\u00edder pol\u00edtico My. Gerardo M\u00e1rquez en el reacondicionamiento de innumerables tramos viales en la entidad que se han visto severamente afectados producto de las intensas lluvias acaecidas en la regi\u00f3n\u00bb.<\/p>\n<p style=\"text-align: justify;\">\u00abA\u00fan en medio del brutal bloqueo econ\u00f3mico por el cual atraviesa nuestro pa\u00eds, la Revoluci\u00f3n Bolivariana sigue invirtiendo en el desarrollo integral de nuestros territorios; sin duda alguna en Trujillo tenemos un gobierno responsable y diligente, abocado de lleno en la soluci\u00f3n oportuna de las problem\u00e1ticas y necesidades de nuestro pueblo\u00bb, enfatiz\u00f3 el parlamentario.<\/p>\n<p style=\"text-align: justify;\">En otro orden de ideas, la plenaria aprob\u00f3 la realizaci\u00f3n del acto para la presentaci\u00f3n del \u00abInforme de Gesti\u00f3n 2022\u00bb por parte del gobernador del estado, el cual se llevar\u00e1 a cabo el pr\u00f3ximo 09 de febrero en la ciudad de Valera.<\/p>\n<p style=\"text-align: justify;\">Asimismo, result\u00f3 aprobada por la C\u00e1mara Legislativa la realizaci\u00f3n de una Sesi\u00f3n Especial en el marco del el 209\u00b0 aniversario de la Batalla de La Victoria y el \u00abD\u00eda de la Juventud\u00bb; de igual manera, se di\u00f3 luz verde para el desarrollo de una Sesi\u00f3n Especial a prop\u00f3sito del 193 aniversario de la siembra del insigne trujillano Crist\u00f3bal Mendoza, destacado abogado y pol\u00edtico, primer presidente de Venezuela.<\/p>\n<p>&nbsp;<\/p>\n<p>&nbsp;<\/p>\n<h6>Prensa CLET\/Gr\u00e1ficas: cortes\u00eda<\/h6>\n","protected":false},"excerpt":{"rendered":"<p>Desde el Sal\u00f3n de Sesiones \u00abFabricio Ojeda\u00bb del Consejo Legislativo del estado Trujillo (CLET), las y los parlamentarios desarrollaron con \u00e9xito la Sesi\u00f3n Ordinaria N\u00b002 , en la cual se&hellip; <\/p>\n","protected":false},"author":1,"featured_media":24942,"comment_status":"closed","ping_status":"closed","sticky":false,"template":"","format":"standard","meta":{"footnotes":""},"categories":[40],"tags":[],"class_list":["post-24941","post","type-post","status-publish","format-standard","has-post-thumbnail","hentry","category-grantrujillo"],"_links":{"self":[{"href":"https:\/\/ciudadtrujillo.com\/index.php?rest_route=\/wp\/v2\/posts\/24941","targetHints":{"allow":["GET"]}}],"collection":[{"href":"https:\/\/ciudadtrujillo.com\/index.php?rest_route=\/wp\/v2\/posts"}],"about":[{"href":"https:\/\/ciudadtrujillo.com\/index.php?rest_route=\/wp\/v2\/types\/post"}],"author":[{"embeddable":true,"href":"https:\/\/ciudadtrujillo.com\/index.php?rest_route=\/wp\/v2\/users\/1"}],"replies":[{"embeddable":true,"href":"https:\/\/ciudadtrujillo.com\/index.php?rest_route=%2Fwp%2Fv2%2Fcomments&post=24941"}],"version-history":[{"count":1,"href":"https:\/\/ciudadtrujillo.com\/index.php?rest_route=\/wp\/v2\/posts\/24941\/revisions"}],"predecessor-version":[{"id":24943,"href":"https:\/\/ciudadtrujillo.com\/index.php?rest_route=\/wp\/v2\/posts\/24941\/revisions\/24943"}],"wp:featuredmedia":[{"embeddable":true,"href":"https:\/\/ciudadtrujillo.com\/index.php?rest_route=\/wp\/v2\/media\/24942"}],"wp:attachment":[{"href":"https:\/\/ciudadtrujillo.com\/index.php?rest_route=%2Fwp%2Fv2%2Fmedia&parent=24941"}],"wp:term":[{"taxonomy":"category","embeddable":true,"href":"https:\/\/ciudadtrujillo.com\/index.php?rest_route=%2Fwp%2Fv2%2Fcategories&post=24941"},{"taxonomy":"post_tag","embeddable":true,"href":"https:\/\/ciudadtrujillo.com\/index.php?rest_route=%2Fwp%2Fv2%2Ftags&post=24941"}],"curies":[{"name":"wp","href":"https:\/\/api.w.org\/{rel}","templated":true}]}}