{"id":24736,"date":"2023-01-26T17:00:03","date_gmt":"2023-01-26T21:00:03","guid":{"rendered":"http:\/\/ciudadtrujillo.com\/?p=24736"},"modified":"2023-01-26T17:00:03","modified_gmt":"2023-01-26T21:00:03","slug":"ianet-despacho-4-952-kg-de-alimentos-en-el-mes-de-enero","status":"publish","type":"post","link":"https:\/\/ciudadtrujillo.com\/?p=24736","title":{"rendered":"Ianet despach\u00f3 4. 952 kg de alimentos en el mes de enero"},"content":{"rendered":"<p style=\"text-align: justify;\">Durante el mes de enero, el Instituto de Alimentaci\u00f3n y Nutrici\u00f3n del estado Trujillo (Ianet) realiz\u00f3 la distribuci\u00f3n de 4 mil 952,5 kilogramos de alimentos, comprendidos entre v\u00edveres, proteicos, verduras y hortalizas, con el objetivo de ofrecer platos balanceados a los usuarios.<\/p>\n<p style=\"text-align: justify;\">Asimismo, elaboraron 46 mil 120 raciones durante el mes, como parte del plan de men\u00fa previamente elaborado por los nutricionistas. Adem\u00e1s se mantiene la supervisi\u00f3n para el cumplimiento y funcionamiento \u00f3ptimo de los distintos centros y programas distribuidos en el territorio.<\/p>\n<p style=\"text-align: justify;\">Desde el Ianet mantienen las labores correspondientes a fin de garantizar un alimentaci\u00f3n balanceada a los usuarios de los diversos centros de este organismo.<\/p>\n<p>&nbsp;<\/p>\n<p>&nbsp;<\/p>\n<h6>Prensa Ianet\/Gr\u00e1ficas: Cortes\u00eda<\/h6>\n","protected":false},"excerpt":{"rendered":"<p>Durante el mes de enero, el Instituto de Alimentaci\u00f3n y Nutrici\u00f3n del estado Trujillo (Ianet) realiz\u00f3 la distribuci\u00f3n de 4 mil 952,5 kilogramos de alimentos, comprendidos entre v\u00edveres, proteicos, verduras&hellip; <\/p>\n","protected":false},"author":1,"featured_media":24737,"comment_status":"closed","ping_status":"closed","sticky":false,"template":"","format":"standard","meta":{"footnotes":""},"categories":[40],"tags":[],"class_list":["post-24736","post","type-post","status-publish","format-standard","has-post-thumbnail","hentry","category-grantrujillo"],"_links":{"self":[{"href":"https:\/\/ciudadtrujillo.com\/index.php?rest_route=\/wp\/v2\/posts\/24736","targetHints":{"allow":["GET"]}}],"collection":[{"href":"https:\/\/ciudadtrujillo.com\/index.php?rest_route=\/wp\/v2\/posts"}],"about":[{"href":"https:\/\/ciudadtrujillo.com\/index.php?rest_route=\/wp\/v2\/types\/post"}],"author":[{"embeddable":true,"href":"https:\/\/ciudadtrujillo.com\/index.php?rest_route=\/wp\/v2\/users\/1"}],"replies":[{"embeddable":true,"href":"https:\/\/ciudadtrujillo.com\/index.php?rest_route=%2Fwp%2Fv2%2Fcomments&post=24736"}],"version-history":[{"count":1,"href":"https:\/\/ciudadtrujillo.com\/index.php?rest_route=\/wp\/v2\/posts\/24736\/revisions"}],"predecessor-version":[{"id":24738,"href":"https:\/\/ciudadtrujillo.com\/index.php?rest_route=\/wp\/v2\/posts\/24736\/revisions\/24738"}],"wp:featuredmedia":[{"embeddable":true,"href":"https:\/\/ciudadtrujillo.com\/index.php?rest_route=\/wp\/v2\/media\/24737"}],"wp:attachment":[{"href":"https:\/\/ciudadtrujillo.com\/index.php?rest_route=%2Fwp%2Fv2%2Fmedia&parent=24736"}],"wp:term":[{"taxonomy":"category","embeddable":true,"href":"https:\/\/ciudadtrujillo.com\/index.php?rest_route=%2Fwp%2Fv2%2Fcategories&post=24736"},{"taxonomy":"post_tag","embeddable":true,"href":"https:\/\/ciudadtrujillo.com\/index.php?rest_route=%2Fwp%2Fv2%2Ftags&post=24736"}],"curies":[{"name":"wp","href":"https:\/\/api.w.org\/{rel}","templated":true}]}}