{"id":24553,"date":"2023-01-22T18:13:12","date_gmt":"2023-01-22T22:13:12","guid":{"rendered":"http:\/\/ciudadtrujillo.com\/?p=24553"},"modified":"2023-01-22T18:13:12","modified_gmt":"2023-01-22T22:13:12","slug":"equipo-de-trujillo-alcanza-subcampeonato-en-vuelta-al-tachira-tras-destacada-participacion","status":"publish","type":"post","link":"https:\/\/ciudadtrujillo.com\/?p=24553","title":{"rendered":"Equipo de Trujillo alcanza subcampeonato en Vuelta al T\u00e1chira tras destacada participaci\u00f3n"},"content":{"rendered":"<p style=\"text-align: justify;\">Tras la impecable y destacada participaci\u00f3n de sus corredores, el equipo Gobierno Bolivariano de Trujillo \u2013 Orbea consolida el subcampeonato individual y por equipos en la 58\u00aa edici\u00f3n de la Vuelta al T\u00e1chira en Bicicleta, una cita deportiva en la que se puso a prueba el rendimiento y preparaci\u00f3n de los pedalistas que mostraron sus potenciales en las ocho etapas que abarc\u00f3 esta justa cicl\u00edstica.<\/p>\n<p style=\"text-align: justify;\">En la clasificaci\u00f3n general figuran por el equipo trujillano los ciclistas Juan Ruiz, Yonder Godoy y Jimmi Brice\u00f1o, posicion\u00e1ndose estos pedalistas entre los primeros puestos tras ocupar el segundo, cuarto y sexto lugar, respectivamente. La Vuelta al T\u00e1chira fue dominada por el corredor Jos\u00e9 Alarc\u00f3n (Fundaci\u00f3n \u00c1ngeles Hern\u00e1ndez), quien mantuvo el liderato para terminar en lo m\u00e1s alto del podio.<\/p>\n<p style=\"text-align: justify;\">El campeonato por puntos fue alcanzado por el ciclista Yonder Godoy, consider\u00e1ndose en tal sentido la participaci\u00f3n del equipo trujillano como una actuaci\u00f3n redonda.<\/p>\n<h3 style=\"text-align: justify;\">De la octava etapa<\/h3>\n<p style=\"text-align: justify;\">Este domingo se realiz\u00f3 la octava y \u00faltima etapa de la Vuelta al T\u00e1chira en el Circuito de San Crist\u00f3bal de 117,3 kil\u00f3metros la cual fue dominada por el venezolano Manuel `El Gato\u00b4 Medina (Pegasus-La Guaira) por delante de Carlos Torres (Fundaci\u00f3n \u00c1ngeles Hern\u00e1ndez) y Jhonatan Restrepo (COL\/GW Shimano-Sidermec).<\/p>\n<p style=\"text-align: justify;\">\n<p>&nbsp;<\/p>\n<p>&nbsp;<\/p>\n<h6>Yelimar Hidalgo\/Gr\u00e1ficas: cortes\u00eda<\/h6>\n","protected":false},"excerpt":{"rendered":"<p>Tras la impecable y destacada participaci\u00f3n de sus corredores, el equipo Gobierno Bolivariano de Trujillo \u2013 Orbea consolida el subcampeonato individual y por equipos en la 58\u00aa edici\u00f3n de la&hellip; <\/p>\n","protected":false},"author":1,"featured_media":24555,"comment_status":"closed","ping_status":"closed","sticky":false,"template":"","format":"standard","meta":{"footnotes":""},"categories":[40],"tags":[],"class_list":["post-24553","post","type-post","status-publish","format-standard","has-post-thumbnail","hentry","category-grantrujillo"],"_links":{"self":[{"href":"https:\/\/ciudadtrujillo.com\/index.php?rest_route=\/wp\/v2\/posts\/24553","targetHints":{"allow":["GET"]}}],"collection":[{"href":"https:\/\/ciudadtrujillo.com\/index.php?rest_route=\/wp\/v2\/posts"}],"about":[{"href":"https:\/\/ciudadtrujillo.com\/index.php?rest_route=\/wp\/v2\/types\/post"}],"author":[{"embeddable":true,"href":"https:\/\/ciudadtrujillo.com\/index.php?rest_route=\/wp\/v2\/users\/1"}],"replies":[{"embeddable":true,"href":"https:\/\/ciudadtrujillo.com\/index.php?rest_route=%2Fwp%2Fv2%2Fcomments&post=24553"}],"version-history":[{"count":1,"href":"https:\/\/ciudadtrujillo.com\/index.php?rest_route=\/wp\/v2\/posts\/24553\/revisions"}],"predecessor-version":[{"id":24556,"href":"https:\/\/ciudadtrujillo.com\/index.php?rest_route=\/wp\/v2\/posts\/24553\/revisions\/24556"}],"wp:featuredmedia":[{"embeddable":true,"href":"https:\/\/ciudadtrujillo.com\/index.php?rest_route=\/wp\/v2\/media\/24555"}],"wp:attachment":[{"href":"https:\/\/ciudadtrujillo.com\/index.php?rest_route=%2Fwp%2Fv2%2Fmedia&parent=24553"}],"wp:term":[{"taxonomy":"category","embeddable":true,"href":"https:\/\/ciudadtrujillo.com\/index.php?rest_route=%2Fwp%2Fv2%2Fcategories&post=24553"},{"taxonomy":"post_tag","embeddable":true,"href":"https:\/\/ciudadtrujillo.com\/index.php?rest_route=%2Fwp%2Fv2%2Ftags&post=24553"}],"curies":[{"name":"wp","href":"https:\/\/api.w.org\/{rel}","templated":true}]}}