{"id":2407,"date":"2020-09-14T22:00:50","date_gmt":"2020-09-14T22:00:50","guid":{"rendered":"http:\/\/ciudadtrujillo.com\/?p=2407"},"modified":"2020-09-14T22:00:50","modified_gmt":"2020-09-14T22:00:50","slug":"en-trujillo-arranca-plan-de-intensificacion-de-vacunacion","status":"publish","type":"post","link":"https:\/\/ciudadtrujillo.com\/?p=2407","title":{"rendered":"En Trujillo arranca Plan de Intensificaci\u00f3n de Vacunaci\u00f3n"},"content":{"rendered":"<p style=\"text-align: justify;\">Gracias al trabajo articulado entre el Fondo de las Naciones Unidas para la Infancia (Unicef) la Organizaci\u00f3n Panamericana de la Salud (OPS) y el Gobierno Bolivariano de Venezuela a trav\u00e9s del Ministerio del Poder Popular para la Salud (Mpps) y la Fundaci\u00f3n Trujillana de la Salud (Fundasalud), inicia el Plan Intensificaci\u00f3n de Vacunaci\u00f3n para aumento de coberturasen el estado Trujillo, desde el 15 de septiembre al 30 de noviembre, garantizando el acceso gratuito a los programas de inmunizaci\u00f3n a toda la poblaci\u00f3n.<\/p>\n<p style=\"text-align: justify;\">Cabe destacar que en Trujillo se ha venido cumpliendo con los lineamientos emanados por el presidente de la Rep\u00fablica Nicol\u00e1s Maduro y por el Mpps en materia de salud. Asimismo, se pudo conocer que durante esta campa\u00f1a se contar\u00e1 con la participaci\u00f3n del Poder Popular Organizado en conjunto con el equipo de Vacunadores de las diferentes \u00c1reas de Salud Integral Comunitarias (Asic), los cuales se encargaran de organizar a los usuarios por grupo familiar manteniendo los protocolos de bioseguridad como lo son: el distanciamiento social y el uso obligatorio del tapabocas.<\/p>\n<p style=\"text-align: justify;\">El objetivo primordial de este Plan es disminuir los riesgos de emergencia o concurrencia de enfermedades prevenibles adem\u00e1s de priorizar la inmunizaci\u00f3n de los esquemas b\u00e1sicos en la poblaci\u00f3n menor de 1 a\u00f1o, ni\u00f1os de 1 a\u00f1o, 5, 10 y embarazadas. Adem\u00e1s, mantener los logros alcanzados en materia de erradicaci\u00f3n de la poliomielitis en Venezuela e interrupci\u00f3n de la circulaci\u00f3n del Sarampi\u00f3n. Es de mencionar que los puntos de vacunaci\u00f3n se encontrar\u00e1n activos de lunes a viernes en horario comprendido de 9 de la ma\u00f1ana a 4 de la tarde.<\/p>\n<h3 style=\"text-align: justify;\">Vacunas<\/h3>\n<p style=\"text-align: justify;\">Esta Jornada se estar\u00e1 llevando a cabo en las 15 Asic del estado Trujillo desde el 15 de septiembre hasta el 30 de noviembre del a\u00f1o en curso donde se estar\u00e1n aplicando diferentes vacunas, entre las cuales est\u00e1n: Pentavalente, antipoliomielitis, antiamar\u00edlica (fiebre amarilla), BCG (antituberculosis para reci\u00e9n nacidos), antihepatitis para reci\u00e9n nacidos, toxoide tet\u00e1nico dift\u00e9rico (TTD) y antihepatitis adulto. RSP (trivalente viral contra rubeola, sarampi\u00f3n y parotiditis) y pentavalente (para proteger contra difteria, t\u00e9tanos, tos ferina, Hepatitis B y contra hemophilus), virus que produce meningitis y neumon\u00eda.<\/p>\n<p style=\"text-align: justify;\">Es por ello que desde Fundasalud se hace el llamado a la poblaci\u00f3n en general para que acudan con los ni\u00f1os a cumplir con esta jornada que ayuda a prevenir las enfermedades en los m\u00e1s peque\u00f1os de la casa.<\/p>\n<p style=\"text-align: justify;\">\n<p>&nbsp;<\/p>\n<p>&nbsp;<\/p>\n<p>&nbsp;<\/p>\n<h6><em>MPPS Regional\/Fundasalud Trujillo\/ Liliana Quintero\/Gr\u00e1fica: Cortes\u00eda<\/em><\/h6>\n","protected":false},"excerpt":{"rendered":"<p>Gracias al trabajo articulado entre el Fondo de las Naciones Unidas para la Infancia (Unicef) la Organizaci\u00f3n Panamericana de la Salud (OPS) y el Gobierno Bolivariano de Venezuela a trav\u00e9s&hellip; <\/p>\n","protected":false},"author":1,"featured_media":2410,"comment_status":"closed","ping_status":"closed","sticky":false,"template":"","format":"standard","meta":{"footnotes":""},"categories":[52,40],"tags":[],"class_list":["post-2407","post","type-post","status-publish","format-standard","has-post-thumbnail","hentry","category-destacadas","category-grantrujillo"],"_links":{"self":[{"href":"https:\/\/ciudadtrujillo.com\/index.php?rest_route=\/wp\/v2\/posts\/2407","targetHints":{"allow":["GET"]}}],"collection":[{"href":"https:\/\/ciudadtrujillo.com\/index.php?rest_route=\/wp\/v2\/posts"}],"about":[{"href":"https:\/\/ciudadtrujillo.com\/index.php?rest_route=\/wp\/v2\/types\/post"}],"author":[{"embeddable":true,"href":"https:\/\/ciudadtrujillo.com\/index.php?rest_route=\/wp\/v2\/users\/1"}],"replies":[{"embeddable":true,"href":"https:\/\/ciudadtrujillo.com\/index.php?rest_route=%2Fwp%2Fv2%2Fcomments&post=2407"}],"version-history":[{"count":2,"href":"https:\/\/ciudadtrujillo.com\/index.php?rest_route=\/wp\/v2\/posts\/2407\/revisions"}],"predecessor-version":[{"id":2412,"href":"https:\/\/ciudadtrujillo.com\/index.php?rest_route=\/wp\/v2\/posts\/2407\/revisions\/2412"}],"wp:featuredmedia":[{"embeddable":true,"href":"https:\/\/ciudadtrujillo.com\/index.php?rest_route=\/wp\/v2\/media\/2410"}],"wp:attachment":[{"href":"https:\/\/ciudadtrujillo.com\/index.php?rest_route=%2Fwp%2Fv2%2Fmedia&parent=2407"}],"wp:term":[{"taxonomy":"category","embeddable":true,"href":"https:\/\/ciudadtrujillo.com\/index.php?rest_route=%2Fwp%2Fv2%2Fcategories&post=2407"},{"taxonomy":"post_tag","embeddable":true,"href":"https:\/\/ciudadtrujillo.com\/index.php?rest_route=%2Fwp%2Fv2%2Ftags&post=2407"}],"curies":[{"name":"wp","href":"https:\/\/api.w.org\/{rel}","templated":true}]}}