{"id":23078,"date":"2022-12-04T21:41:14","date_gmt":"2022-12-05T01:41:14","guid":{"rendered":"http:\/\/ciudadtrujillo.com\/?p=23078"},"modified":"2022-12-04T21:41:14","modified_gmt":"2022-12-05T01:41:14","slug":"continua-embellecimiento-y-recuperacion-de-espacios-educativos-en-la-entidad","status":"publish","type":"post","link":"https:\/\/ciudadtrujillo.com\/?p=23078","title":{"rendered":"Contin\u00faa embellecimiento y recuperaci\u00f3n de espacios educativos en la entidad"},"content":{"rendered":"<p style=\"text-align: justify;\">El embellecimiento y adecuaci\u00f3n de los centros educativos contin\u00faa gracias al apoyo del Presidente Nicol\u00e1s Maduro, la Ministra de Educaci\u00f3n Yelitze Santaella y el gobernador My. Gerardo M\u00e1rquez; es as\u00ed que sumados en un solo equipo de trabajo el personal de los planteles, de la mano con las instituciones, padres y poder popular avanzan en la recuperaci\u00f3n de espacios.<\/p>\n<p style=\"text-align: justify;\">La autoridad \u00fanica de Educaci\u00f3n del estado Trujillo, Dra. Maria Palomares, destac\u00f3 que en esta oportunidad se est\u00e1 pintando la fallada del Taller de Educaci\u00f3n Laboral \u00abJosefa Camejo\u00bb y se realiz\u00f3 la sustituci\u00f3n de aproximadamente 800 metros cuadrados de manto asf\u00e1ltico del Centro de Educaci\u00f3n Inicial \u00abCarlos Soublette\u00bb.<\/p>\n<p style=\"text-align: justify;\">\u201cLos materiales con los que se est\u00e1n atendiendo nuestras escuelas y liceos corresponde a las diferentes dotaciones que ha recibido el estado Trujillo de los distintos programas nacionales y regionales\u201d, enfatiz\u00f3 Palomares.<\/p>\n<p>&nbsp;<\/p>\n<p>&nbsp;<\/p>\n<h6>Direcci\u00f3n de Educaci\u00f3n\/Gr\u00e1ficas: cortes\u00eda<\/h6>\n","protected":false},"excerpt":{"rendered":"<p>El embellecimiento y adecuaci\u00f3n de los centros educativos contin\u00faa gracias al apoyo del Presidente Nicol\u00e1s Maduro, la Ministra de Educaci\u00f3n Yelitze Santaella y el gobernador My. Gerardo M\u00e1rquez; es as\u00ed&hellip; <\/p>\n","protected":false},"author":1,"featured_media":23079,"comment_status":"closed","ping_status":"closed","sticky":false,"template":"","format":"standard","meta":{"footnotes":""},"categories":[40],"tags":[],"class_list":["post-23078","post","type-post","status-publish","format-standard","has-post-thumbnail","hentry","category-grantrujillo"],"_links":{"self":[{"href":"https:\/\/ciudadtrujillo.com\/index.php?rest_route=\/wp\/v2\/posts\/23078","targetHints":{"allow":["GET"]}}],"collection":[{"href":"https:\/\/ciudadtrujillo.com\/index.php?rest_route=\/wp\/v2\/posts"}],"about":[{"href":"https:\/\/ciudadtrujillo.com\/index.php?rest_route=\/wp\/v2\/types\/post"}],"author":[{"embeddable":true,"href":"https:\/\/ciudadtrujillo.com\/index.php?rest_route=\/wp\/v2\/users\/1"}],"replies":[{"embeddable":true,"href":"https:\/\/ciudadtrujillo.com\/index.php?rest_route=%2Fwp%2Fv2%2Fcomments&post=23078"}],"version-history":[{"count":1,"href":"https:\/\/ciudadtrujillo.com\/index.php?rest_route=\/wp\/v2\/posts\/23078\/revisions"}],"predecessor-version":[{"id":23080,"href":"https:\/\/ciudadtrujillo.com\/index.php?rest_route=\/wp\/v2\/posts\/23078\/revisions\/23080"}],"wp:featuredmedia":[{"embeddable":true,"href":"https:\/\/ciudadtrujillo.com\/index.php?rest_route=\/wp\/v2\/media\/23079"}],"wp:attachment":[{"href":"https:\/\/ciudadtrujillo.com\/index.php?rest_route=%2Fwp%2Fv2%2Fmedia&parent=23078"}],"wp:term":[{"taxonomy":"category","embeddable":true,"href":"https:\/\/ciudadtrujillo.com\/index.php?rest_route=%2Fwp%2Fv2%2Fcategories&post=23078"},{"taxonomy":"post_tag","embeddable":true,"href":"https:\/\/ciudadtrujillo.com\/index.php?rest_route=%2Fwp%2Fv2%2Ftags&post=23078"}],"curies":[{"name":"wp","href":"https:\/\/api.w.org\/{rel}","templated":true}]}}