{"id":23073,"date":"2022-12-01T22:01:30","date_gmt":"2022-12-02T02:01:30","guid":{"rendered":"http:\/\/ciudadtrujillo.com\/?p=23073"},"modified":"2022-12-01T22:30:37","modified_gmt":"2022-12-02T02:30:37","slug":"preven-reiniciar-operaciones-en-aeropuerto-de-carvajal-para-el-mes-de-enero","status":"publish","type":"post","link":"https:\/\/ciudadtrujillo.com\/?p=23073","title":{"rendered":"Prev\u00e9n reiniciar operaciones en aeropuerto de Carvajal para el mes de enero"},"content":{"rendered":"<p style=\"text-align: justify;\">El vicepresidente de Obras P\u00fablicas y Servicios, G\/J N\u00e9stor Reverol, durante su visita al estado Trujillo, asegur\u00f3 que se prev\u00e9 el reinicio de operaciones del aeropuerto Antonio Nicol\u00e1s Brice\u00f1o del municipio San Rafael de Carvajal para el mes de enero con los vuelos Maiquet\u00eda \u2013 Valera.<\/p>\n<p style=\"text-align: justify;\">En tal sentido, el ministro del Poder Popular para el Transporte, G\/D Ram\u00f3n Vel\u00e1squez Araguay\u00e1n, detall\u00f3 que en este mes comenzar\u00e1n las pr\u00e1cticas en la pista y ultimar\u00e1n detalles con miras a la reactivaci\u00f3n de dicho terminal a\u00e9reo. \u201cCon la l\u00ednea a\u00e9rea Conviasa entre el cuatro y el ocho de diciembre estaremos haciendo los vuelos de prueba con los aviones que vienen hacer el vuelo Caracas \u2013 Trujillo. Nosotros pensamos que diciembre ser\u00e1 un mes de prueba y para enero estamos listos para iniciar los vuelos comerciales\u201d, indic\u00f3.<\/p>\n<p style=\"text-align: justify;\">En cuanto al fortalecimiento del servicio de transporte en la regi\u00f3n, durante la mesa de los servicios p\u00fablicos enmarcado en el 1&#215;10 del Buen Gobierno para el Buen Vivir realizada en la ciudad de Valera, Vel\u00e1squez Araguay\u00e1n expuso los logros y proyecciones en dicha materia. El funcionario se\u00f1al\u00f3 que el ministerio ha recibido mil 483 casos por el sistema VenApp, de los cuales se ha brindado respuesta a 518 (que representa un 34, 93 %) debido a que la mayor\u00eda de estos reportes son de vialidad.<\/p>\n<p style=\"text-align: justify;\">Asimismo, el ministro anunci\u00f3 la puesta en marcha de una hidrov\u00eda desde el municipio La Ceiba hasta el sur del Lago de Maracaibo; adem\u00e1s de un plan de reactivaci\u00f3n del Puerto La Ceiba, para que \u00e9ste apuntale la econom\u00eda local.<\/p>\n<p style=\"text-align: justify;\">Entre otros anuncios, refiri\u00f3 que desde el Ministerio de Transporte evaluar\u00e1n un proyecto presentado en Trujillo \u201cdonde aparecen 10 obras priorizadas entre puentes, carreteras afectadas y eso nos abocaremos a solventarlo. Hemos elevado una solicitud para reparar mil 500 autobuses a nivel nacional, incluido la flota de autobuses para Bus Trujillo. En los pr\u00f3ximos d\u00edas hay una dotaci\u00f3n de autobuses nuevos peque\u00f1os, pero viene tambi\u00e9n para Bus Trujillo\u201d.<\/p>\n<p>&nbsp;<\/p>\n<p>&nbsp;<\/p>\n<h6>Yelimar Hidalgo\/Gr\u00e1ficas: Fernando Chuecos<\/h6>\n","protected":false},"excerpt":{"rendered":"<p>El vicepresidente de Obras P\u00fablicas y Servicios, G\/J N\u00e9stor Reverol, durante su visita al estado Trujillo, asegur\u00f3 que se prev\u00e9 el reinicio de operaciones del aeropuerto Antonio Nicol\u00e1s Brice\u00f1o del&hellip; <\/p>\n","protected":false},"author":1,"featured_media":23074,"comment_status":"closed","ping_status":"closed","sticky":false,"template":"","format":"standard","meta":{"footnotes":""},"categories":[52,40],"tags":[],"class_list":["post-23073","post","type-post","status-publish","format-standard","has-post-thumbnail","hentry","category-destacadas","category-grantrujillo"],"_links":{"self":[{"href":"https:\/\/ciudadtrujillo.com\/index.php?rest_route=\/wp\/v2\/posts\/23073","targetHints":{"allow":["GET"]}}],"collection":[{"href":"https:\/\/ciudadtrujillo.com\/index.php?rest_route=\/wp\/v2\/posts"}],"about":[{"href":"https:\/\/ciudadtrujillo.com\/index.php?rest_route=\/wp\/v2\/types\/post"}],"author":[{"embeddable":true,"href":"https:\/\/ciudadtrujillo.com\/index.php?rest_route=\/wp\/v2\/users\/1"}],"replies":[{"embeddable":true,"href":"https:\/\/ciudadtrujillo.com\/index.php?rest_route=%2Fwp%2Fv2%2Fcomments&post=23073"}],"version-history":[{"count":2,"href":"https:\/\/ciudadtrujillo.com\/index.php?rest_route=\/wp\/v2\/posts\/23073\/revisions"}],"predecessor-version":[{"id":23076,"href":"https:\/\/ciudadtrujillo.com\/index.php?rest_route=\/wp\/v2\/posts\/23073\/revisions\/23076"}],"wp:featuredmedia":[{"embeddable":true,"href":"https:\/\/ciudadtrujillo.com\/index.php?rest_route=\/wp\/v2\/media\/23074"}],"wp:attachment":[{"href":"https:\/\/ciudadtrujillo.com\/index.php?rest_route=%2Fwp%2Fv2%2Fmedia&parent=23073"}],"wp:term":[{"taxonomy":"category","embeddable":true,"href":"https:\/\/ciudadtrujillo.com\/index.php?rest_route=%2Fwp%2Fv2%2Fcategories&post=23073"},{"taxonomy":"post_tag","embeddable":true,"href":"https:\/\/ciudadtrujillo.com\/index.php?rest_route=%2Fwp%2Fv2%2Ftags&post=23073"}],"curies":[{"name":"wp","href":"https:\/\/api.w.org\/{rel}","templated":true}]}}