{"id":23070,"date":"2022-12-01T21:41:42","date_gmt":"2022-12-02T01:41:42","guid":{"rendered":"http:\/\/ciudadtrujillo.com\/?p=23070"},"modified":"2022-12-01T21:41:42","modified_gmt":"2022-12-02T01:41:42","slug":"vicepresidencia-de-servicios-otorgara-a-trujillo-10-mil-valvulas-para-la-recuperacion-de-cilindros","status":"publish","type":"post","link":"https:\/\/ciudadtrujillo.com\/?p=23070","title":{"rendered":"Vicepresidencia de Servicios otorgar\u00e1 a Trujillo 10 mil v\u00e1lvulas para la recuperaci\u00f3n de cilindros"},"content":{"rendered":"<p style=\"text-align: justify;\">Este mi\u00e9rcoles se realiz\u00f3 en el estado Trujillo la instalaci\u00f3n de la Mesa de los Servicios P\u00fablicos para dar continuidad a las acciones del 1 x 10 del Buen Gobierno que impulsa el Gobierno Nacional, en este sentido, en aras de fortalecer el servicio de gas dom\u00e9stico en la entidad se otorgar\u00e1n 10 mil v\u00e1lvulas destinadas a la recuperaci\u00f3n de cilindros.<\/p>\n<p style=\"text-align: justify;\">La informaci\u00f3n fue aportada por el Vicepresidente Sectorial de Obras P\u00fablicas y Servicios, G\/J N\u00e9stor Reverol, quien ratific\u00f3 su compromiso por optimizar la distribuci\u00f3n de GLP, entre otros servicios, en el estado. Asimismo, el gobernador My. Gerardo M\u00e1rquez resalt\u00f3 que el \u201cgas ya no es un problema en Trujillo\u201d.<\/p>\n<p style=\"text-align: justify;\">Durante la reuni\u00f3n se dio a conocer que a principios del a\u00f1o 2023 se prev\u00e9 instalar una mini planta de gas en el municipio Bocon\u00f3. Al respecto, la presidenta de Pdvsa Gas Comunal, Dra. Caryl Bertho, reconoci\u00f3 la necesidad de dicha planta en la entidad, \u201chace falta reforzar el servicio porque en el estado hay solo un centro de llenado que est\u00e1 en el municipio Motat\u00e1n, lo cual dificulta la distribuci\u00f3n hacia los municipios Bocon\u00f3 y Juan Vicente Campo El\u00edas\u201d.<\/p>\n<p style=\"text-align: justify;\">En cuanto a los planes para seguir optimizando el servicio de gas, precis\u00f3 que se recuperar\u00e1n las balanzas y los picos de llenado en la planta Fabricio Ojeda, a fin de \u201ctener una mayor producci\u00f3n respecto al llenado de cilindros\u201d.<\/p>\n<p style=\"text-align: justify;\">Adem\u00e1s, subray\u00f3 que se otorgaron cilindros tanto para las sustituciones que se han realizado dando respuesta a las solicitudes a trav\u00e9s del VenApp como para favorecer a los sectores afectados por las lluvias acaecidas en la entidad. Finalmente, afirm\u00f3 que seguir\u00e1n trabajando \u201cenlazados con el gobernador\u201d en aras de fortalecer la atenci\u00f3n.<\/p>\n<p>&nbsp;<\/p>\n<p>&nbsp;<\/p>\n<h6>Yarlenis Albarr\u00e1n\/Gr\u00e1ficas: Cortes\u00eda<\/h6>\n","protected":false},"excerpt":{"rendered":"<p>Este mi\u00e9rcoles se realiz\u00f3 en el estado Trujillo la instalaci\u00f3n de la Mesa de los Servicios P\u00fablicos para dar continuidad a las acciones del 1 x 10 del Buen Gobierno&hellip; <\/p>\n","protected":false},"author":1,"featured_media":23071,"comment_status":"closed","ping_status":"closed","sticky":false,"template":"","format":"standard","meta":{"footnotes":""},"categories":[40],"tags":[],"class_list":["post-23070","post","type-post","status-publish","format-standard","has-post-thumbnail","hentry","category-grantrujillo"],"_links":{"self":[{"href":"https:\/\/ciudadtrujillo.com\/index.php?rest_route=\/wp\/v2\/posts\/23070","targetHints":{"allow":["GET"]}}],"collection":[{"href":"https:\/\/ciudadtrujillo.com\/index.php?rest_route=\/wp\/v2\/posts"}],"about":[{"href":"https:\/\/ciudadtrujillo.com\/index.php?rest_route=\/wp\/v2\/types\/post"}],"author":[{"embeddable":true,"href":"https:\/\/ciudadtrujillo.com\/index.php?rest_route=\/wp\/v2\/users\/1"}],"replies":[{"embeddable":true,"href":"https:\/\/ciudadtrujillo.com\/index.php?rest_route=%2Fwp%2Fv2%2Fcomments&post=23070"}],"version-history":[{"count":1,"href":"https:\/\/ciudadtrujillo.com\/index.php?rest_route=\/wp\/v2\/posts\/23070\/revisions"}],"predecessor-version":[{"id":23072,"href":"https:\/\/ciudadtrujillo.com\/index.php?rest_route=\/wp\/v2\/posts\/23070\/revisions\/23072"}],"wp:featuredmedia":[{"embeddable":true,"href":"https:\/\/ciudadtrujillo.com\/index.php?rest_route=\/wp\/v2\/media\/23071"}],"wp:attachment":[{"href":"https:\/\/ciudadtrujillo.com\/index.php?rest_route=%2Fwp%2Fv2%2Fmedia&parent=23070"}],"wp:term":[{"taxonomy":"category","embeddable":true,"href":"https:\/\/ciudadtrujillo.com\/index.php?rest_route=%2Fwp%2Fv2%2Fcategories&post=23070"},{"taxonomy":"post_tag","embeddable":true,"href":"https:\/\/ciudadtrujillo.com\/index.php?rest_route=%2Fwp%2Fv2%2Ftags&post=23070"}],"curies":[{"name":"wp","href":"https:\/\/api.w.org\/{rel}","templated":true}]}}