{"id":22958,"date":"2022-11-28T23:32:08","date_gmt":"2022-11-29T03:32:08","guid":{"rendered":"http:\/\/ciudadtrujillo.com\/?p=22958"},"modified":"2022-11-28T23:32:08","modified_gmt":"2022-11-29T03:32:08","slug":"direccion-del-poder-popular-imparte-talleres-en-materia-tecnologica-politica-y-social","status":"publish","type":"post","link":"https:\/\/ciudadtrujillo.com\/?p=22958","title":{"rendered":"Direcci\u00f3n del Poder Popular imparte talleres en materia tecnol\u00f3gica, pol\u00edtica y social"},"content":{"rendered":"<p style=\"text-align: justify;\">Los promotores de la Direcci\u00f3n General para el Desarrollo y Consolidaci\u00f3n del Poder Popular efectuaron talleres de formaci\u00f3n en materia tecnol\u00f3gica, pol\u00edtica y social, los cuales se realizaron con el prop\u00f3sito de fortalecer los conocimientos de los trujillanos que participaron durante los temas formativos.<\/p>\n<p style=\"text-align: justify;\">La informaci\u00f3n fue suministrada por la representante de la direcci\u00f3n antes mencionada, Katiusca Raga, quien adem\u00e1s mencion\u00f3 que el primer tema formativo estuvo enfocado en el uso de la aplicaci\u00f3n VenApp, \u00abcomo una herramienta \u00fatil para la gesti\u00f3n social que est\u00e1 al alcance del pueblo\u00bb.<\/p>\n<p style=\"text-align: justify;\">En este sentido, Raga agreg\u00f3 que otros de los temas fue la Geopol\u00edtica, enmarcada en la \u00abLa Victoria de Lula Da Silva y los Pueblos Nuestros Americanos\u00bb, el cual estuvo dirigido por el promotor de cultura, Cesar Delgado, en el sal\u00f3n de sesiones de la alcald\u00eda de Pampanito.<\/p>\n<p style=\"text-align: justify;\">La directora, se\u00f1al\u00f3 que se cont\u00f3 con la participaci\u00f3n del alcalde del municipio Pampanito, Leonel Ru\u00edz y los representantes de la estructura de la Unidades de Batalla Hugo Chav\u00e9z (Ubch).<\/p>\n<p style=\"text-align: justify;\">\u00abLa finalidad de estos talleres es generar espacios de discusi\u00f3n acerca de los cambios pol\u00edticos y sociales que atraviesa el continente Latinoamaricano en la actualidad\u00bb, subray\u00f3 Raga.<\/p>\n<p>&nbsp;<\/p>\n<p>&nbsp;<\/p>\n<h6>Rossiel Hurtado\/Gr\u00e1ficas: Cortes\u00eda<\/h6>\n","protected":false},"excerpt":{"rendered":"<p>Los promotores de la Direcci\u00f3n General para el Desarrollo y Consolidaci\u00f3n del Poder Popular efectuaron talleres de formaci\u00f3n en materia tecnol\u00f3gica, pol\u00edtica y social, los cuales se realizaron con el&hellip; <\/p>\n","protected":false},"author":1,"featured_media":22960,"comment_status":"closed","ping_status":"closed","sticky":false,"template":"","format":"standard","meta":{"footnotes":""},"categories":[40],"tags":[],"class_list":["post-22958","post","type-post","status-publish","format-standard","has-post-thumbnail","hentry","category-grantrujillo"],"_links":{"self":[{"href":"https:\/\/ciudadtrujillo.com\/index.php?rest_route=\/wp\/v2\/posts\/22958","targetHints":{"allow":["GET"]}}],"collection":[{"href":"https:\/\/ciudadtrujillo.com\/index.php?rest_route=\/wp\/v2\/posts"}],"about":[{"href":"https:\/\/ciudadtrujillo.com\/index.php?rest_route=\/wp\/v2\/types\/post"}],"author":[{"embeddable":true,"href":"https:\/\/ciudadtrujillo.com\/index.php?rest_route=\/wp\/v2\/users\/1"}],"replies":[{"embeddable":true,"href":"https:\/\/ciudadtrujillo.com\/index.php?rest_route=%2Fwp%2Fv2%2Fcomments&post=22958"}],"version-history":[{"count":1,"href":"https:\/\/ciudadtrujillo.com\/index.php?rest_route=\/wp\/v2\/posts\/22958\/revisions"}],"predecessor-version":[{"id":22961,"href":"https:\/\/ciudadtrujillo.com\/index.php?rest_route=\/wp\/v2\/posts\/22958\/revisions\/22961"}],"wp:featuredmedia":[{"embeddable":true,"href":"https:\/\/ciudadtrujillo.com\/index.php?rest_route=\/wp\/v2\/media\/22960"}],"wp:attachment":[{"href":"https:\/\/ciudadtrujillo.com\/index.php?rest_route=%2Fwp%2Fv2%2Fmedia&parent=22958"}],"wp:term":[{"taxonomy":"category","embeddable":true,"href":"https:\/\/ciudadtrujillo.com\/index.php?rest_route=%2Fwp%2Fv2%2Fcategories&post=22958"},{"taxonomy":"post_tag","embeddable":true,"href":"https:\/\/ciudadtrujillo.com\/index.php?rest_route=%2Fwp%2Fv2%2Ftags&post=22958"}],"curies":[{"name":"wp","href":"https:\/\/api.w.org\/{rel}","templated":true}]}}