{"id":22808,"date":"2022-11-24T00:14:35","date_gmt":"2022-11-24T04:14:35","guid":{"rendered":"http:\/\/ciudadtrujillo.com\/?p=22808"},"modified":"2022-11-24T00:14:35","modified_gmt":"2022-11-24T04:14:35","slug":"certifican-a-113-participantes-del-diplomado-de-emprendimiento-comunitario","status":"publish","type":"post","link":"https:\/\/ciudadtrujillo.com\/?p=22808","title":{"rendered":"Certifican a 113 participantes del Diplomado de Emprendimiento Comunitario"},"content":{"rendered":"<p style=\"text-align: justify;\">Recientemente el Centro Integral de las Artes (Ciav), adscrito al Instituto de la Cultura y las Artes del estado Trujillo (Incaet), a cargo de Edgar Barreto, dijo presente durante la entrega de la certificaci\u00f3n de los 113 participantes que culminaron el Diplomado de Emprendimiento Comunitario, impartido por la Universidad del Emprendimiento de Venezuela (Unem), el cual abarca su formaci\u00f3n, orientaci\u00f3n legal, formalizaci\u00f3n de la actividad econ\u00f3mica que realizan, financiamiento y la participaci\u00f3n en ferias donde ser\u00e1n expendidos sus productos.<\/p>\n<p style=\"text-align: justify;\">Blanca Vanesa Gonz\u00e1lez, coordinadora regional del movimiento de emprendedores y empresariales y autoridad de Unem, manifest\u00f3 su satisfacci\u00f3n por lo logrado. \u201cEstamos agradecidos con el Gobernador del estado, Mayor Gerardo M\u00e1rquez y con la Licenciada Reina P\u00e9rez de M\u00e1rquez, quienes han sido los padrinos de este movimiento emergente, cumpliendo con el mandato de las cuatro F. Un programa de formaci\u00f3n, financiamiento, ferias y formalizaci\u00f3n de la actividad emprendedora\u201d.<\/p>\n<p style=\"text-align: justify;\">Explic\u00f3 que a trav\u00e9s de la plataforma \u201cEmprender juntos\u201d del Gobierno Nacional, han sido certificados 4.138 personas ejerciendo la actividad emprendedora con 368 peque\u00f1as y medianas empresas consolidadas, adem\u00e1s del avance de la segunda cohorte del diplomado de emprendimiento comunitario, el cual est\u00e1 siendo impartido v\u00eda online, porque \u201cTrujillo emprende, produce y progresa\u201d.<\/p>\n<p style=\"text-align: justify;\">\n<h3 style=\"text-align: justify;\">Son\u00f3 el \u201cConticinio\u201d<\/h3>\n<p style=\"text-align: justify;\">El cat\u00e1logo cultural de esta programaci\u00f3n estuvo a cargo del Ciav, a trav\u00e9s de la Escuela de M\u00fasica \u201cLaudelino Mej\u00edas\u201d, con el acompa\u00f1amiento vocal de la int\u00e9rprete Geraldine Viloria, instructora de canto de la instituci\u00f3n y coreograf\u00eda del Taller de \u201cDanzas Valera\u201d, fundado en 1981 por la profesora Auris Berrios, actual directora del Centro Integral de las Artes.<\/p>\n<p style=\"text-align: justify;\">La programaci\u00f3n incluy\u00f3 la presentaci\u00f3n del vals Conticinio, una muestra cultural que enaltece la emblem\u00e1tica composici\u00f3n del Maestro Laudelino Mej\u00edas, dentro del marco de su declaratoria como patrimonio cultural del estado Trujillo.<\/p>\n<p style=\"text-align: justify;\">Como parte de este encuentro Blanca Gonz\u00e1lez, otorg\u00f3 un reconocimiento a la vocalista Geraldine Viloria, quien a pesar de su discapacidad visual, le ha plantado cara a la vida, deleitando con su voz a un p\u00fablico que agradece cada una de sus interpretaciones, con un amplio repertorio de m\u00fasica tradicional y bailable que contagia alegr\u00eda.<\/p>\n<p style=\"text-align: justify;\">Auris Berrios, directora del Ciav, expres\u00f3 su satisfacci\u00f3n por hacer parte de estos encuentros que permiten visibilizar, divulgar y proyectar el trabajo de ense\u00f1anza art\u00edstica realizado en la instituci\u00f3n, la cual cuenta actualmente con una matr\u00edcula de casi 200 estudiantes, dinamizando la cultura trujillana, siguiendo las directrices del Gobernador Gerardo M\u00e1rquez.<\/p>\n<p>&nbsp;<\/p>\n<p>&nbsp;<\/p>\n<h6>Prensa Incaet \/ Griselda Castellanos\/Gr\u00e1ficas: Yelitza Barrera<\/h6>\n","protected":false},"excerpt":{"rendered":"<p>Recientemente el Centro Integral de las Artes (Ciav), adscrito al Instituto de la Cultura y las Artes del estado Trujillo (Incaet), a cargo de Edgar Barreto, dijo presente durante la&hellip; <\/p>\n","protected":false},"author":1,"featured_media":22809,"comment_status":"closed","ping_status":"closed","sticky":false,"template":"","format":"standard","meta":{"footnotes":""},"categories":[40],"tags":[],"class_list":["post-22808","post","type-post","status-publish","format-standard","has-post-thumbnail","hentry","category-grantrujillo"],"_links":{"self":[{"href":"https:\/\/ciudadtrujillo.com\/index.php?rest_route=\/wp\/v2\/posts\/22808","targetHints":{"allow":["GET"]}}],"collection":[{"href":"https:\/\/ciudadtrujillo.com\/index.php?rest_route=\/wp\/v2\/posts"}],"about":[{"href":"https:\/\/ciudadtrujillo.com\/index.php?rest_route=\/wp\/v2\/types\/post"}],"author":[{"embeddable":true,"href":"https:\/\/ciudadtrujillo.com\/index.php?rest_route=\/wp\/v2\/users\/1"}],"replies":[{"embeddable":true,"href":"https:\/\/ciudadtrujillo.com\/index.php?rest_route=%2Fwp%2Fv2%2Fcomments&post=22808"}],"version-history":[{"count":1,"href":"https:\/\/ciudadtrujillo.com\/index.php?rest_route=\/wp\/v2\/posts\/22808\/revisions"}],"predecessor-version":[{"id":22810,"href":"https:\/\/ciudadtrujillo.com\/index.php?rest_route=\/wp\/v2\/posts\/22808\/revisions\/22810"}],"wp:featuredmedia":[{"embeddable":true,"href":"https:\/\/ciudadtrujillo.com\/index.php?rest_route=\/wp\/v2\/media\/22809"}],"wp:attachment":[{"href":"https:\/\/ciudadtrujillo.com\/index.php?rest_route=%2Fwp%2Fv2%2Fmedia&parent=22808"}],"wp:term":[{"taxonomy":"category","embeddable":true,"href":"https:\/\/ciudadtrujillo.com\/index.php?rest_route=%2Fwp%2Fv2%2Fcategories&post=22808"},{"taxonomy":"post_tag","embeddable":true,"href":"https:\/\/ciudadtrujillo.com\/index.php?rest_route=%2Fwp%2Fv2%2Ftags&post=22808"}],"curies":[{"name":"wp","href":"https:\/\/api.w.org\/{rel}","templated":true}]}}